{"id":1087,"date":"2022-05-08T16:31:58","date_gmt":"2022-05-08T16:31:58","guid":{"rendered":"https:\/\/rodrigomonteiro.pro.br\/site\/?p=1087"},"modified":"2022-05-08T16:32:00","modified_gmt":"2022-05-08T16:32:00","slug":"leis-penais-especiais-comentadas-na-visao-do-stf-stj-e-tse","status":"publish","type":"post","link":"https:\/\/rodrigomonteiro.pro.br\/site\/leis-penais-especiais-comentadas-na-visao-do-stf-stj-e-tse\/","title":{"rendered":"Leis Penais Especiais Comentadas na vis\u00e3o do STF, STJ e TSE"},"content":{"rendered":"<h2>Leis Penais Especiais Comentadas na vis\u00e3o do STF, STJ e TSE<\/h2>\n<h3 dir=\"ltr\">Sinopse<\/h3>\n<p dir=\"ltr\">O sistema normativo criminal brasileiro \u00e9 composto por dezenas de diplomas legais aprovados ao longo do tempo, sendo alguns extremamente atuais (como a\u00a0Nova Lei de Licita\u00e7\u00f5es \u2013 Lei n\u00ba 14.133, de 1\u00ba de abril de 2021) e outros que remontam \u00e0 d\u00e9cada de 40 do s\u00e9culo passado (como a Lei de Contraven\u00e7\u00f5es Penais \u2013 Decreto-Lei n\u00ba 3.688\/1941).<\/p>\n<p dir=\"ltr\">O livro\u00a0Leis Penais Especiais\u00a0Comentadas na Vis\u00e3o do STF, STJ e TSE tem o objetivo editorial de realizar um estudo doutrin\u00e1rio, pr\u00e1tico, cr\u00edtico e objetivo das principais normas extravagantes penais. Nesse tocante, cumpre destacar que, ao contr\u00e1rio do que ocorre com as obras que possuem a mesma tem\u00e1tica, o\u00a0Direito Criminal Eleitoral\u00a0foi inserido, de modo que se realizou um estudo material e processual de todos os crimes eleitorais \u00e0 luz da doutrina e da jurisprud\u00eancia do Tribunal Superior Eleitoral (TSE).<\/p>\n<p dir=\"ltr\">Deve-se destacar que todos os autores s\u00e3o integrantes de carreiras distintas do\u00a0Sistema de Justi\u00e7a Criminal na qualidade de Juiz, Promotores de Justi\u00e7a, Procurador Regional da Rep\u00fablica, Delegados de Pol\u00edcia, Defensores P\u00fablicos e Advogados, o que permitiu uma vis\u00e3o ampla dos temas e n\u00e3o necessariamente vinculada a uma determinada carreira.<\/p>\n<p dir=\"ltr\">A obra tem o m\u00e9rito de expor os assuntos \u00e0 luz dos entendimentos majorit\u00e1rios dos\u00a0Tribunais Superiores, sem, contudo, se limitar a isso, pois h\u00e1 o acr\u00e9scimo de aspectos pr\u00e1ticos e ju\u00edzos cr\u00edticos que os autores entendem cab\u00edveis em cada dispositivo analisado.<\/p>\n<p dir=\"ltr\">N\u00e3o bastassem tais caracter\u00edsticas diferenciais, a obra tamb\u00e9m tratou de temas atuais que impactam diretamente na aplica\u00e7\u00e3o das leis penais analisadas, tais como o regramento normativo do CNJ e as decis\u00f5es dos Tribunais Superiores \u00e0 respeito das pris\u00f5es e medidas cautelares no contexto da Pandemia COVID-19, os efeitos da rejei\u00e7\u00e3o dos vetos \u00e0\u00a0Lei Anticrime (Lei n\u00ba 13.964\/2019), o acordo de n\u00e3o persecu\u00e7\u00e3o penal (ANPP) na Justi\u00e7a Comum e Eleitoral, o direito fundamental anticorrup\u00e7\u00e3o, as investiga\u00e7\u00f5es e a\u00e7\u00f5es privadas nos crimes de corrup\u00e7\u00e3o, os inqu\u00e9ritos policiais na Justi\u00e7a Eleitoral e o procedimento investigat\u00f3rio criminal (PIC) conduzido pelo Minist\u00e9rio P\u00fablico.<\/p>\n<p dir=\"ltr\">A obra contempla, ao final, o estudo de 41 leis (al\u00e9m dos cap\u00edtulos extras acima citados) e um sum\u00e1rio (com acesso via QR CODE) identificador das\u00a0Recomenda\u00e7\u00f5es e Resolu\u00e7\u00f5es do CNJ\/CNMP\u00a0sobre os assuntos analisados pelos autores.<\/p>\n<p dir=\"ltr\">Trata-se, portanto, de obra indispens\u00e1vel para todos os que se interessam pelo\u00a0Direito Penal e Processual Penal, seja com o fim de encontrar respostas para os dilemas da pr\u00e1tica profissional, ou mesmo para os estudos acad\u00eamicos da gradua\u00e7\u00e3o ou p\u00f3s-gradua\u00e7\u00e3o, bem como prepara\u00e7\u00e3o para os mais variados concursos p\u00fablicos.<\/p>\n<p dir=\"ltr\">Igor Pereira Pinheiro<\/p>\n<p dir=\"ltr\">Autor e Coordenador da Obra<\/p>\n<p dir=\"ltr\">\u00a0<\/p>\n<h3 dir=\"ltr\">O livro Leis Penais Especiais comentadas na vis\u00e3o do STF, STJ e TSE est\u00e1 atualizado com:<\/h3>\n<ul>\n<li dir=\"ltr\">\n<p dir=\"ltr\">Nova Lei de Licita\u00e7\u00f5es (Lei n\u00ba14.133\/2021)<\/p>\n<\/li>\n<li dir=\"ltr\">\n<p dir=\"ltr\">Crime de Persegui\u00e7\u00e3o ou Stalking (Lei n\u00ba14.132\/2021)<\/p>\n<\/li>\n<li dir=\"ltr\">\n<p dir=\"ltr\">Nova Lei de Fal\u00eancias (Lei n\u00ba14.112\/2020)<\/p>\n<\/li>\n<li dir=\"ltr\">\n<p dir=\"ltr\">Lei n. 14.110\/2020<\/p>\n<\/li>\n<li dir=\"ltr\">\n<p dir=\"ltr\">Lei Anticrime (Lei n\u00ba13.964\/2019)<\/p>\n<\/li>\n<\/ul>\n<h3 dir=\"ltr\">Cap\u00edtulos extras do livro Leis Penais Especiais comentadas na vis\u00e3o do STF, STJ e TSE:<\/h3>\n<ul>\n<li dir=\"ltr\">\n<p dir=\"ltr\">Pris\u00f5es e Medidas Cautelares Penais na Pandemia COVID-19<\/p>\n<\/li>\n<li dir=\"ltr\">\n<p dir=\"ltr\">Procedimento Investigat\u00f3rio Criminal do Minist\u00e9rio P\u00fablico (PIC)<\/p>\n<\/li>\n<li dir=\"ltr\">\n<p dir=\"ltr\">Inqu\u00e9ritos Policiais na Justi\u00e7a Eleitoral\u00a0<\/p>\n<\/li>\n<li dir=\"ltr\">\n<p dir=\"ltr\">Acordo de N\u00e3o-Persecu\u00e7\u00e3o Penal (ANPP) na Justi\u00e7a Comum e Eleitoral<\/p>\n<\/li>\n<li dir=\"ltr\">\n<p dir=\"ltr\">Investiga\u00e7\u00f5es Particulares e A\u00e7\u00e3o Penal Privada nos Crimes de Corrup\u00e7\u00e3o<\/p>\n<\/li>\n<\/ul>\n<p><a href=\"https:\/\/www.editoramizuno.com.br\/leis-penais-especiais-comentadas-na-visao-do-stf-stj-e-tse.html\" target=\"_blank\" rel=\"noopener\"><img loading=\"lazy\" decoding=\"async\" class=\"alignnone size-full wp-image-1076\" src=\"https:\/\/rodrigomonteiro.pro.br\/site\/wp-content\/uploads\/2015\/07\/comprar-agora-2.png\" alt=\"\" width=\"200\" height=\"56\" \/><\/a><\/p>\n<p>\u00a0<img loading=\"lazy\" decoding=\"async\" class=\"alignnone size-medium wp-image-1089\" src=\"https:\/\/rodrigomonteiro.pro.br\/site\/wp-content\/uploads\/2022\/05\/dentro-02-185x300.jpg\" alt=\"\" width=\"185\" height=\"300\" srcset=\"https:\/\/rodrigomonteiro.pro.br\/site\/wp-content\/uploads\/2022\/05\/dentro-02-185x300.jpg 185w, https:\/\/rodrigomonteiro.pro.br\/site\/wp-content\/uploads\/2022\/05\/dentro-02.jpg 502w\" sizes=\"auto, (max-width: 185px) 100vw, 185px\" \/><\/p>\n<p>\u00a0<\/p>\n\n\n<p><\/p>\n","protected":false},"excerpt":{"rendered":"<p>O sistema normativo criminal brasileiro \u00e9 composto por dezenas de diplomas legais aprovados ao longo do tempo, sendo alguns extremamente atuais (como a Nova Lei de Licita\u00e7\u00f5es \u2013 Lei n\u00ba 14.133, de 1\u00ba de abril de 2021) e outros que remontam \u00e0 d\u00e9cada de 40 do s\u00e9culo passado (como a Lei de Contraven\u00e7\u00f5es Penais \u2013 Decreto-Lei n\u00ba 3.688\/1941).<\/p>\n","protected":false},"author":1,"featured_media":1088,"comment_status":"closed","ping_status":"open","sticky":false,"template":"","format":"standard","meta":{"footnotes":""},"categories":[75],"tags":[76],"class_list":["post-1087","post","type-post","status-publish","format-standard","has-post-thumbnail","hentry","category-publicacoes","tag-rodrigo-monteiro"],"_links":{"self":[{"href":"https:\/\/rodrigomonteiro.pro.br\/site\/wp-json\/wp\/v2\/posts\/1087","targetHints":{"allow":["GET"]}}],"collection":[{"href":"https:\/\/rodrigomonteiro.pro.br\/site\/wp-json\/wp\/v2\/posts"}],"about":[{"href":"https:\/\/rodrigomonteiro.pro.br\/site\/wp-json\/wp\/v2\/types\/post"}],"author":[{"embeddable":true,"href":"https:\/\/rodrigomonteiro.pro.br\/site\/wp-json\/wp\/v2\/users\/1"}],"replies":[{"embeddable":true,"href":"https:\/\/rodrigomonteiro.pro.br\/site\/wp-json\/wp\/v2\/comments?post=1087"}],"version-history":[{"count":1,"href":"https:\/\/rodrigomonteiro.pro.br\/site\/wp-json\/wp\/v2\/posts\/1087\/revisions"}],"predecessor-version":[{"id":1090,"href":"https:\/\/rodrigomonteiro.pro.br\/site\/wp-json\/wp\/v2\/posts\/1087\/revisions\/1090"}],"wp:featuredmedia":[{"embeddable":true,"href":"https:\/\/rodrigomonteiro.pro.br\/site\/wp-json\/wp\/v2\/media\/1088"}],"wp:attachment":[{"href":"https:\/\/rodrigomonteiro.pro.br\/site\/wp-json\/wp\/v2\/media?parent=1087"}],"wp:term":[{"taxonomy":"category","embeddable":true,"href":"https:\/\/rodrigomonteiro.pro.br\/site\/wp-json\/wp\/v2\/categories?post=1087"},{"taxonomy":"post_tag","embeddable":true,"href":"https:\/\/rodrigomonteiro.pro.br\/site\/wp-json\/wp\/v2\/tags?post=1087"}],"curies":[{"name":"wp","href":"https:\/\/api.w.org\/{rel}","templated":true}]}}