{"id":1107,"date":"2022-05-08T18:05:12","date_gmt":"2022-05-08T18:05:12","guid":{"rendered":"https:\/\/rodrigomonteiro.pro.br\/site\/?p=1107"},"modified":"2022-05-08T18:05:14","modified_gmt":"2022-05-08T18:05:14","slug":"a-alteracao-na-forma-de-escolha-de-membros-dos-tribunais-de-contas-estaduais-por-meio-de-proposta-de-emenda-constitucional-oriunda-de-iniciativa-popular-uma-interpretacao-democratica-do-artigo-75-da","status":"publish","type":"post","link":"https:\/\/rodrigomonteiro.pro.br\/site\/a-alteracao-na-forma-de-escolha-de-membros-dos-tribunais-de-contas-estaduais-por-meio-de-proposta-de-emenda-constitucional-oriunda-de-iniciativa-popular-uma-interpretacao-democratica-do-artigo-75-da\/","title":{"rendered":"A ALTERA\u00c7\u00c3O NA FORMA DE ESCOLHA DE MEMBROS DOS TRIBUNAIS DE CONTAS ESTADUAIS POR MEIO DE PROPOSTA DE EMENDA CONSTITUCIONAL ORIUNDA DE INICIATIVA POPULAR: UMA INTERPRETA\u00c7\u00c3O DEMOCR\u00c1TICA DO ARTIGO 75 DA CONSTITUI\u00c7\u00c3O FEDERAL"},"content":{"rendered":"<h2>A Altera\u00e7\u00e3o na Forma de Escolha de Membros dos Tribunais de Contas Estaduais por meio de Proposta de Emenda Constitucional oriunda de Iniciativa POpular: Uma Interpreta\u00e7\u00e3o Democr\u00e1tica do Artigo 75 da Constitui\u00e7\u00e3o Federal<\/h2>\n<p>Publicado na REVISTA DO MINIST\u00c9RIO P\u00daBLICO DE CONTAS DO ESTADO<\/p>\n<p>DO PARAN\u00c1 \u2013 Nov\/2017 \/ mai\/2018 \u2013 N\u00famero 07 \/ Ano III<\/p>\n<p>Link:<\/p>\n<p><a href=\"https:\/\/pesquisa-eaesp.fgv.br\/sites\/gvpesquisa.fgv.br\/files\/arquivos\/o_dilema_do_controle_sobre_os_controladores._revista_do_ministerio_publico_de_contas_do_parana.pdf\" target=\"_blank\" rel=\"noopener\">CLIQUE AQUI<\/a><\/p>\n<p>\u00a0<\/p>\n\n\n<p><\/p>\n","protected":false},"excerpt":{"rendered":"<p>Publicado na REVISTA DO MINIST\u00c9RIO P\u00daBLICO DE CONTAS DO ESTADO DO PARAN\u00c1 \u2013 Nov\/2017 \/ mai\/2018 \u2013 N\u00famero 07 \/ Ano III<\/p>\n","protected":false},"author":1,"featured_media":1108,"comment_status":"closed","ping_status":"open","sticky":false,"template":"","format":"standard","meta":{"footnotes":""},"categories":[77],"tags":[76],"class_list":["post-1107","post","type-post","status-publish","format-standard","has-post-thumbnail","hentry","category-artigos","tag-rodrigo-monteiro"],"_links":{"self":[{"href":"https:\/\/rodrigomonteiro.pro.br\/site\/wp-json\/wp\/v2\/posts\/1107","targetHints":{"allow":["GET"]}}],"collection":[{"href":"https:\/\/rodrigomonteiro.pro.br\/site\/wp-json\/wp\/v2\/posts"}],"about":[{"href":"https:\/\/rodrigomonteiro.pro.br\/site\/wp-json\/wp\/v2\/types\/post"}],"author":[{"embeddable":true,"href":"https:\/\/rodrigomonteiro.pro.br\/site\/wp-json\/wp\/v2\/users\/1"}],"replies":[{"embeddable":true,"href":"https:\/\/rodrigomonteiro.pro.br\/site\/wp-json\/wp\/v2\/comments?post=1107"}],"version-history":[{"count":1,"href":"https:\/\/rodrigomonteiro.pro.br\/site\/wp-json\/wp\/v2\/posts\/1107\/revisions"}],"predecessor-version":[{"id":1109,"href":"https:\/\/rodrigomonteiro.pro.br\/site\/wp-json\/wp\/v2\/posts\/1107\/revisions\/1109"}],"wp:featuredmedia":[{"embeddable":true,"href":"https:\/\/rodrigomonteiro.pro.br\/site\/wp-json\/wp\/v2\/media\/1108"}],"wp:attachment":[{"href":"https:\/\/rodrigomonteiro.pro.br\/site\/wp-json\/wp\/v2\/media?parent=1107"}],"wp:term":[{"taxonomy":"category","embeddable":true,"href":"https:\/\/rodrigomonteiro.pro.br\/site\/wp-json\/wp\/v2\/categories?post=1107"},{"taxonomy":"post_tag","embeddable":true,"href":"https:\/\/rodrigomonteiro.pro.br\/site\/wp-json\/wp\/v2\/tags?post=1107"}],"curies":[{"name":"wp","href":"https:\/\/api.w.org\/{rel}","templated":true}]}}