{"id":1125,"date":"2022-05-08T18:26:24","date_gmt":"2022-05-08T18:26:24","guid":{"rendered":"https:\/\/rodrigomonteiro.pro.br\/site\/?p=1125"},"modified":"2022-05-08T18:26:50","modified_gmt":"2022-05-08T18:26:50","slug":"muito-alem-dos-partidos","status":"publish","type":"post","link":"https:\/\/rodrigomonteiro.pro.br\/site\/muito-alem-dos-partidos\/","title":{"rendered":"MUITO AL\u00c9M DOS PARTIDOS"},"content":{"rendered":"<h1>Muito Al\u00e9m dos Partidos<\/h1>\n<p>A sociedade brasileira vivencia uma mudan\u00e7a de comportamento e isso se verificou nos movimentos apartid\u00e1rios de junho de 2013, bem como nas manifesta\u00e7\u00f5es do \u00faltimo dia 15\/03, a qual, segundo n\u00fameros oficiais, levou mais de dois milh\u00f5es de pessoas \u00e0s ruas, clamando por mudan\u00e7as no cen\u00e1rio pol\u00edtico do pa\u00eds.\u00a0<\/p>\n<p>Ficou claro que o clamor popular n\u00e3o tem vincula\u00e7\u00e3o \u00e0 qualquer agremia\u00e7\u00e3o pol\u00edtico-partid\u00e1ria e \u00e9 isso o que mais chama a aten\u00e7\u00e3o. O povo foi \u00e0s ruas para exigir que os atuais paradigmas sejam deixados para tr\u00e1s. Ningu\u00e9m mais tolera administradores p\u00fablicos que chegam ao poder para saciar a fome de seu partido.\u00a0<\/p>\n<p>Nos \u00faltimos doze anos o Brasil foi governado pelo mesmo partido e \u00e9 poss\u00edvel afirmar que se o resultado da elei\u00e7\u00e3o de 2014 tivesse sido diferente, o fisiologismo n\u00e3o o seria tanto assim. Os partidos pol\u00edticos (sejam de esquerda ou de direita \u2013 se \u00e9 que ainda existe essa dicotomia) almejam o poder com a finalidade \u00fanica de perpetuarem-se nos privil\u00e9gios.\u00a0<\/p>\n<p>\u00c9 razo\u00e1vel um pa\u00eds possuir 39 Minist\u00e9rios? \u00c9 \u00f3bvio que n\u00e3o! H\u00e1 a impress\u00e3o que existe no Governo Federal (e tal pr\u00e1tica se repete em administra\u00e7\u00f5es estaduais e municipais) o \u201cMinist\u00e9rio da troca de l\u00e2mpada\u201d e o \u201cMinist\u00e9rio de girar a escada\u201d. Esse fisiologismo \u00e9, tamb\u00e9m, um dos respons\u00e1veis pelo crescimento da corrup\u00e7\u00e3o.\u00a0<\/p>\n<p>Essa totalidade de \u201ccabides ministeriais\u201d s\u00f3 possui um motivo para existir: pagar por compromissos partid\u00e1rios firmados em acordos eleitoreiros. O fisiologismo que se v\u00ea hoje n\u00e3o se diferencia muito daquele visto anteriormente a 2003, fato que demonstra algo que se clareia a cada dia: seja o partido \u201cA\u201d, seja o partido \u201cB\u201d, haver\u00e1 sempre o sobrepujamento dos interesses privados em detrimento da satisfa\u00e7\u00e3o dos anseios da coletividade. S\u00f3 h\u00e1 uma sa\u00edda para tentar dar fim a essa engrenagem depredadora: reforma pol\u00edtica-administrativa.\u00a0<\/p>\n<p>\u00c9 preciso p\u00f4r fim \u00e0 promiscuidade que existe entre o Poder Executivo e o Poder Legislativo, que se materializa pela distribui\u00e7\u00e3o de cargos, sem a observ\u00e2ncia de qualquer car\u00e1ter t\u00e9cnico, bem como pelas famigeradas \u201cemendas parlamentares\u201d.\u00a0<\/p>\n<p>O modelo pol\u00edtico em vigor faz com que o chefe do Poder Executivo tenha que ceder a caprichos nada democr\u00e1ticos de membros do parlamento, em prol do que se calhou chamar de governabilidade (conjunto de condi\u00e7\u00f5es necess\u00e1rias ao exerc\u00edcio do poder de governar).\u00a0<\/p>\n<p>O problema \u00e9 que essa \u201cgovernabilidade\u201d, por vezes, deixa de lado o interesse p\u00fablico, quando este \u00e9 confrontado com as exig\u00eancias e \u00e2nsias dos partidos pol\u00edticos.\u00a0<\/p>\n<p>No mesmo sentido, uma reforma administrativa \u00e9 urgente, eis que n\u00e3o mais se pode manter\/custear um aparato estatal de tamanha magnitude. O povo foi \u00e0s ruas para exigir mudan\u00e7as, as quais n\u00e3o ser\u00e3o obtidas, simplesmente, com a troca do partido \u201cA\u201d pelo partido \u201cB\u201d. Reformas pol\u00edtica e administrativa j\u00e1!<\/p>\n<p>\u00a0<\/p>\n\n\n<p><\/p>\n","protected":false},"excerpt":{"rendered":"<p>A sociedade brasileira vivencia uma mudan\u00e7a de comportamento e isso se verificou nos movimentos apartid\u00e1rios de junho de 2013, bem como nas manifesta\u00e7\u00f5es do \u00faltimo dia 15\/03, a qual, segundo n\u00fameros oficiais, levou mais de dois milh\u00f5es de pessoas \u00e0s ruas, clamando por mudan\u00e7as no cen\u00e1rio pol\u00edtico do pa\u00eds.\u00a0<\/p>\n","protected":false},"author":1,"featured_media":1123,"comment_status":"closed","ping_status":"open","sticky":false,"template":"","format":"standard","meta":{"footnotes":""},"categories":[78],"tags":[76],"class_list":["post-1125","post","type-post","status-publish","format-standard","has-post-thumbnail","hentry","category-artigos-de-jornal","tag-rodrigo-monteiro"],"_links":{"self":[{"href":"https:\/\/rodrigomonteiro.pro.br\/site\/wp-json\/wp\/v2\/posts\/1125","targetHints":{"allow":["GET"]}}],"collection":[{"href":"https:\/\/rodrigomonteiro.pro.br\/site\/wp-json\/wp\/v2\/posts"}],"about":[{"href":"https:\/\/rodrigomonteiro.pro.br\/site\/wp-json\/wp\/v2\/types\/post"}],"author":[{"embeddable":true,"href":"https:\/\/rodrigomonteiro.pro.br\/site\/wp-json\/wp\/v2\/users\/1"}],"replies":[{"embeddable":true,"href":"https:\/\/rodrigomonteiro.pro.br\/site\/wp-json\/wp\/v2\/comments?post=1125"}],"version-history":[{"count":2,"href":"https:\/\/rodrigomonteiro.pro.br\/site\/wp-json\/wp\/v2\/posts\/1125\/revisions"}],"predecessor-version":[{"id":1129,"href":"https:\/\/rodrigomonteiro.pro.br\/site\/wp-json\/wp\/v2\/posts\/1125\/revisions\/1129"}],"wp:featuredmedia":[{"embeddable":true,"href":"https:\/\/rodrigomonteiro.pro.br\/site\/wp-json\/wp\/v2\/media\/1123"}],"wp:attachment":[{"href":"https:\/\/rodrigomonteiro.pro.br\/site\/wp-json\/wp\/v2\/media?parent=1125"}],"wp:term":[{"taxonomy":"category","embeddable":true,"href":"https:\/\/rodrigomonteiro.pro.br\/site\/wp-json\/wp\/v2\/categories?post=1125"},{"taxonomy":"post_tag","embeddable":true,"href":"https:\/\/rodrigomonteiro.pro.br\/site\/wp-json\/wp\/v2\/tags?post=1125"}],"curies":[{"name":"wp","href":"https:\/\/api.w.org\/{rel}","templated":true}]}}