{"id":1151,"date":"2022-06-21T22:23:10","date_gmt":"2022-06-21T22:23:10","guid":{"rendered":"https:\/\/rodrigomonteiro.pro.br\/site\/?p=1151"},"modified":"2022-06-21T22:23:12","modified_gmt":"2022-06-21T22:23:12","slug":"ministerio-publico-e-o-meio-ambiente-desafios-para-o-desenvolvimento-sustentavel","status":"publish","type":"post","link":"https:\/\/rodrigomonteiro.pro.br\/site\/ministerio-publico-e-o-meio-ambiente-desafios-para-o-desenvolvimento-sustentavel\/","title":{"rendered":"Minist\u00e9rio P\u00fablico e o Meio Ambiente &#8211; Desafios para o Desenvolvimento Sustent\u00e1vel"},"content":{"rendered":"<h2>Minist\u00e9rio P\u00fablico e o Meio Ambiente &#8211; Desafios para o Desenvolvimento Sustent\u00e1vel<\/h2>\n<p><strong>Na compra do livro &#8220;Minist\u00e9rio P\u00fablico e o Meio Ambiente &#8211; Desafios para o Desenvolvimento Sustent\u00e1vel&#8221; voc\u00ea receber\u00e1 GR\u00c1TIS (brinde) o livro &#8220;Coment\u00e1rios \u00e0 Lei de Crimes Contra o Meio Ambiente e suas Infra\u00e7\u00f5es Administrativas&#8221; Amaury Silva de R$ 58,00 . Aproveite a promo\u00e7\u00e3o e garanta o seu livro porque ser\u00e1 por tempo limitado! APROVEITE!<\/strong><br \/><br \/><strong>Autor(es):\u00a0<\/strong>Rodrigo Monteiro da Silva<br \/><strong>Edi\u00e7\u00e3o:<\/strong>\u00a01<br \/><strong>Ano:<\/strong>\u00a02020<br \/><strong>Pagina\u00e7\u00e3o:<\/strong>\u00a0567<br \/><strong>ISBN:\u00a0<\/strong>978-85-7789-521-2<br \/><strong>Acabamento:<\/strong>\u00a0Brochura<br \/><strong>Formato:<\/strong>\u00a017&#215;24<br \/><strong>Sinopse:\u00a0<\/strong>A manuten\u00e7\u00e3o do meio ambiente h\u00edgido e ecologicamente equilibrado representa um direito difuso de car\u00e1ter intergeracional, cabendo a todos (Estado e sociedade) o dever fundamental de prote\u00e7\u00e3o. Vivemos em uma sociedade ditada pelo consumo fren\u00e9tico que foca suas energias na produ\u00e7\u00e3o de insumos necess\u00e1rios (alguns nem tanto) ao cotidiano, n\u00e3o raro sem a adequada preocupa\u00e7\u00e3o com as consequ\u00eancias ambientais derivadas desse modo de vida. Somado a isso, ainda \u00e9 poss\u00edvel perceber que mesmo ap\u00f3s 1988, com a chamada \u201cecologiza\u00e7\u00e3o\u201d da Constitui\u00e7\u00e3o, o meio ambiente tem recebido uma prote\u00e7\u00e3o deficiente, sobretudo quando confrontado com os interesses econ\u00f4micos, causando perdas irrecuper\u00e1veis a esse direito de terceira dimens\u00e3o. Nunca \u00e9 demais lembrar que o artigo 225, caput, da Constitui\u00e7\u00e3o Federal, traz como dever inafast\u00e1vel do Poder P\u00fablico e de toda a coletividade a defesa do meio ambiente e o dever de conserv\u00e1-lo para as gera\u00e7\u00f5es presentes e futuras. Infelizmente, tal comando ainda n\u00e3o alcan\u00e7ou uma compreens\u00e3o constitucionalmente adequada. A obriga\u00e7\u00e3o de defesa do meio ambiente estampada no referido artigo 225, da Carta Magna, n\u00e3o demanda nenhum tipo de acrobacia interpretativa para sua efetiva\u00e7\u00e3o. Neste contexto, a presente obra foi constru\u00edda com o prop\u00f3sito de apresentar temas diferenciados vinculados \u00e0 tutela ambiental e que trazem consider\u00e1vel afli\u00e7\u00e3o \u00e0queles que buscam alcan\u00e7ar uma prote\u00e7\u00e3o verdadeiramente eficiente do meio ambiente.<\/p>\n<p><a href=\"https:\/\/www.editorajhmizuno.com.br\/produto\/ministerio-publico-e-o-meio-ambiente-desafios-para-o-desenvolvimento-sustentavel-81080\" target=\"_blank\" rel=\"noopener\"><img loading=\"lazy\" decoding=\"async\" class=\"alignnone size-full wp-image-1076\" src=\"https:\/\/rodrigomonteiro.pro.br\/site\/wp-content\/uploads\/2015\/07\/comprar-agora-2.png\" alt=\"\" width=\"200\" height=\"56\" \/><\/a><\/p>\n<p><img loading=\"lazy\" decoding=\"async\" class=\"alignnone size-medium wp-image-1152\" src=\"https:\/\/rodrigomonteiro.pro.br\/site\/wp-content\/uploads\/2022\/06\/service-8-300x200.png\" alt=\"\" width=\"300\" height=\"200\" srcset=\"https:\/\/rodrigomonteiro.pro.br\/site\/wp-content\/uploads\/2022\/06\/service-8-300x200.png 300w, https:\/\/rodrigomonteiro.pro.br\/site\/wp-content\/uploads\/2022\/06\/service-8-570x380.png 570w, https:\/\/rodrigomonteiro.pro.br\/site\/wp-content\/uploads\/2022\/06\/service-8.png 600w\" sizes=\"auto, (max-width: 300px) 100vw, 300px\" \/><\/p>\n<p>\u00a0<\/p>\n\n\n<p><\/p>\n","protected":false},"excerpt":{"rendered":"<p>O sistema normativo criminal brasileiro \u00e9 composto por dezenas de diplomas legais aprovados ao longo do tempo, sendo alguns extremamente atuais (como a Nova Lei de Licita\u00e7\u00f5es \u2013 Lei n\u00ba 14.133, de 1\u00ba de abril de 2021) e outros que remontam \u00e0 d\u00e9cada de 40 do s\u00e9culo passado (como a Lei de Contraven\u00e7\u00f5es Penais \u2013 Decreto-Lei n\u00ba 3.688\/1941).<\/p>\n","protected":false},"author":1,"featured_media":1152,"comment_status":"closed","ping_status":"open","sticky":false,"template":"","format":"standard","meta":{"footnotes":""},"categories":[75],"tags":[76],"class_list":["post-1151","post","type-post","status-publish","format-standard","has-post-thumbnail","hentry","category-publicacoes","tag-rodrigo-monteiro"],"_links":{"self":[{"href":"https:\/\/rodrigomonteiro.pro.br\/site\/wp-json\/wp\/v2\/posts\/1151","targetHints":{"allow":["GET"]}}],"collection":[{"href":"https:\/\/rodrigomonteiro.pro.br\/site\/wp-json\/wp\/v2\/posts"}],"about":[{"href":"https:\/\/rodrigomonteiro.pro.br\/site\/wp-json\/wp\/v2\/types\/post"}],"author":[{"embeddable":true,"href":"https:\/\/rodrigomonteiro.pro.br\/site\/wp-json\/wp\/v2\/users\/1"}],"replies":[{"embeddable":true,"href":"https:\/\/rodrigomonteiro.pro.br\/site\/wp-json\/wp\/v2\/comments?post=1151"}],"version-history":[{"count":1,"href":"https:\/\/rodrigomonteiro.pro.br\/site\/wp-json\/wp\/v2\/posts\/1151\/revisions"}],"predecessor-version":[{"id":1153,"href":"https:\/\/rodrigomonteiro.pro.br\/site\/wp-json\/wp\/v2\/posts\/1151\/revisions\/1153"}],"wp:featuredmedia":[{"embeddable":true,"href":"https:\/\/rodrigomonteiro.pro.br\/site\/wp-json\/wp\/v2\/media\/1152"}],"wp:attachment":[{"href":"https:\/\/rodrigomonteiro.pro.br\/site\/wp-json\/wp\/v2\/media?parent=1151"}],"wp:term":[{"taxonomy":"category","embeddable":true,"href":"https:\/\/rodrigomonteiro.pro.br\/site\/wp-json\/wp\/v2\/categories?post=1151"},{"taxonomy":"post_tag","embeddable":true,"href":"https:\/\/rodrigomonteiro.pro.br\/site\/wp-json\/wp\/v2\/tags?post=1151"}],"curies":[{"name":"wp","href":"https:\/\/api.w.org\/{rel}","templated":true}]}}