{"id":1154,"date":"2022-06-21T22:25:22","date_gmt":"2022-06-21T22:25:22","guid":{"rendered":"https:\/\/rodrigomonteiro.pro.br\/site\/?p=1154"},"modified":"2022-06-21T22:25:24","modified_gmt":"2022-06-21T22:25:24","slug":"seguranca-publica-os-desafios-da-pos-modernidade-2019","status":"publish","type":"post","link":"https:\/\/rodrigomonteiro.pro.br\/site\/seguranca-publica-os-desafios-da-pos-modernidade-2019\/","title":{"rendered":"Seguran\u00e7a P\u00fablica &#8211; Os Desafios Da P\u00f3s-Modernidade &#8211; 2019"},"content":{"rendered":"<h2>Minist\u00e9rio P\u00fablico e o Meio Ambiente &#8211; Desafios para o Desenvolvimento Sustent\u00e1vel<\/h2>\n<p><strong>Na compra do livro &#8220;Minist\u00e9rio P\u00fablico e o Meio Ambiente &#8211; Desafios para o Desenvolvimento Sustent\u00e1vel&#8221; voc\u00ea receber\u00e1 GR\u00c1TIS (brinde) o livro &#8220;Coment\u00e1rios \u00e0 Lei de Crimes Contra o Meio Ambiente e suas Infra\u00e7\u00f5es Administrativas&#8221; Amaury Silva de R$ 58,00 . Aproveite a promo\u00e7\u00e3o e garanta o seu livro porque ser\u00e1 por tempo limitado! APROVEITE!<\/strong><\/p>\n<p><strong>Autor(es):\u00a0<\/strong>Rodrigo Monteiro da Silva<br \/><strong>Edi\u00e7\u00e3o:<\/strong>\u00a01<br \/><strong>Ano:<\/strong>\u00a02020<br \/><strong>Pagina\u00e7\u00e3o:<\/strong>\u00a0567<br \/><strong>ISBN:\u00a0<\/strong>978-85-7789-521-2<br \/><strong>Acabamento:<\/strong>\u00a0Brochura<br \/><strong>Formato:<\/strong>\u00a017&#215;24<br \/><strong>Sinopse:\u00a0<\/strong>A manuten\u00e7\u00e3o do meio ambiente h\u00edgido e ecologicamente equilibrado representa um direito difuso de car\u00e1ter intergeracional, cabendo a todos (Estado e sociedade) o dever fundamental de prote\u00e7\u00e3o. Vivemos em uma sociedade ditada pelo consumo fren\u00e9tico que foca suas energias na produ\u00e7\u00e3o de insumos necess\u00e1rios (alguns nem tanto) ao cotidiano, n\u00e3o raro sem a adequada preocupa\u00e7\u00e3o com as consequ\u00eancias ambientais derivadas desse modo de vida. Somado a isso, ainda \u00e9 poss\u00edvel perceber que mesmo ap\u00f3s 1988, com a chamada \u201cecologiza\u00e7\u00e3o\u201d da Constitui\u00e7\u00e3o, o meio ambiente tem recebido uma prote\u00e7\u00e3o deficiente, sobretudo quando confrontado com os interesses econ\u00f4micos, causando perdas irrecuper\u00e1veis a esse direito de terceira dimens\u00e3o. Nunca \u00e9 demais lembrar que o artigo 225, caput, da Constitui\u00e7\u00e3o Federal, traz como dever inafast\u00e1vel do Poder P\u00fablico e de toda a coletividade a defesa do meio ambiente e o dever de conserv\u00e1-lo para as gera\u00e7\u00f5es presentes e futuras. Infelizmente, tal comando ainda n\u00e3o alcan\u00e7ou uma compreens\u00e3o constitucionalmente adequada. A obriga\u00e7\u00e3o de defesa do meio ambiente estampada no referido artigo 225, da Carta Magna, n\u00e3o demanda nenhum tipo de acrobacia interpretativa para sua efetiva\u00e7\u00e3o. Neste contexto, a presente obra foi constru\u00edda com o prop\u00f3sito de apresentar temas diferenciados vinculados \u00e0 tutela ambiental e que trazem consider\u00e1vel afli\u00e7\u00e3o \u00e0queles que buscam alcan\u00e7ar uma pr<\/p>\n<h2>Seguran\u00e7a P\u00fablica &#8211; Os Desafios Da P\u00f3s-Modernidade &#8211; 2019<\/h2>\n<p><span style=\"color: #696763; font-family: Verdana, Geneva, sans-serif;\">A seguran\u00e7a p\u00fablica \u00e9, sem sombra de d\u00favidas, um direito fundamental. Por for\u00e7a do entendimento de que o Estado seria um inimigo e que seria ele o grande opressor e violador dos direitos fundamentais, a seguran\u00e7a p\u00fablica deixou de ser pauta tanto na pol\u00edtica como na academia. Recentemente, diante do crescente aumento dos \u00edndices de criminalidade e do poder das organiza\u00e7\u00f5es criminosas, o tema voltou ao debate. Seguran\u00e7a p\u00fablica \u00e9 um estado de paz social com manten\u00e7a dos direitos constitucionalmente assegurados, n\u00e3o atacados por crimes. Trata-se de processo em desenvolvimento constante, uma vez que a criminalidade e as organiza\u00e7\u00f5es criminosas se apresentam em constante estado de aperfei\u00e7oamento, ocasionando \u00e0 sociedade uma ineg\u00e1vel sensa\u00e7\u00e3o de medo. Nesse contexto, a pauta da (in)seguran\u00e7a p\u00fablica desperta grande interesse na sociedade em geral, tanto que percebemos nas elei\u00e7\u00f5es de 2018 que os candidatos vinculados \u00e0s institui\u00e7\u00f5es de seguran\u00e7a p\u00fablica foram os mais votados. Resta relevante, pois, que os temas relacionados \u00e0 seguran\u00e7a p\u00fablica sejam debatidos de forma coerente por profissionais com experi\u00eancia pr\u00e1tica, aliada a conhecimento acad\u00eamico, tal qual se prop\u00f5e na presente obra.<\/span><\/p>\n<p>\u00a0<\/p>\n<p><a href=\"https:\/\/lumenjuris.com.br\/direito-penal-e-criminologia\/seguranca-publica-os-desafios-da-posmodernidade-2019-1134\/p\" target=\"_blank\" rel=\"noopener\"><img loading=\"lazy\" decoding=\"async\" class=\"alignnone size-full wp-image-1076\" src=\"https:\/\/rodrigomonteiro.pro.br\/site\/wp-content\/uploads\/2015\/07\/comprar-agora-2.png\" alt=\"\" width=\"200\" height=\"56\" \/><\/a><\/p>\n<p><img loading=\"lazy\" decoding=\"async\" class=\"alignnone size-medium wp-image-1155\" src=\"https:\/\/rodrigomonteiro.pro.br\/site\/wp-content\/uploads\/2022\/06\/service-7-300x200.jpg\" alt=\"\" width=\"300\" height=\"200\" srcset=\"https:\/\/rodrigomonteiro.pro.br\/site\/wp-content\/uploads\/2022\/06\/service-7-300x200.jpg 300w, https:\/\/rodrigomonteiro.pro.br\/site\/wp-content\/uploads\/2022\/06\/service-7-570x380.jpg 570w, https:\/\/rodrigomonteiro.pro.br\/site\/wp-content\/uploads\/2022\/06\/service-7.jpg 600w\" sizes=\"auto, (max-width: 300px) 100vw, 300px\" \/><\/p>\n<p>\u00a0<\/p>\n\n\n<p><\/p>\n","protected":false},"excerpt":{"rendered":"<p>O sistema normativo criminal brasileiro \u00e9 composto por dezenas de diplomas legais aprovados ao longo do tempo, sendo alguns extremamente atuais (como a Nova Lei de Licita\u00e7\u00f5es \u2013 Lei n\u00ba 14.133, de 1\u00ba de abril de 2021) e outros que remontam \u00e0 d\u00e9cada de 40 do s\u00e9culo passado (como a Lei de Contraven\u00e7\u00f5es Penais \u2013 Decreto-Lei n\u00ba 3.688\/1941).<\/p>\n","protected":false},"author":1,"featured_media":1155,"comment_status":"closed","ping_status":"open","sticky":false,"template":"","format":"standard","meta":{"footnotes":""},"categories":[75],"tags":[76],"class_list":["post-1154","post","type-post","status-publish","format-standard","has-post-thumbnail","hentry","category-publicacoes","tag-rodrigo-monteiro"],"_links":{"self":[{"href":"https:\/\/rodrigomonteiro.pro.br\/site\/wp-json\/wp\/v2\/posts\/1154","targetHints":{"allow":["GET"]}}],"collection":[{"href":"https:\/\/rodrigomonteiro.pro.br\/site\/wp-json\/wp\/v2\/posts"}],"about":[{"href":"https:\/\/rodrigomonteiro.pro.br\/site\/wp-json\/wp\/v2\/types\/post"}],"author":[{"embeddable":true,"href":"https:\/\/rodrigomonteiro.pro.br\/site\/wp-json\/wp\/v2\/users\/1"}],"replies":[{"embeddable":true,"href":"https:\/\/rodrigomonteiro.pro.br\/site\/wp-json\/wp\/v2\/comments?post=1154"}],"version-history":[{"count":1,"href":"https:\/\/rodrigomonteiro.pro.br\/site\/wp-json\/wp\/v2\/posts\/1154\/revisions"}],"predecessor-version":[{"id":1156,"href":"https:\/\/rodrigomonteiro.pro.br\/site\/wp-json\/wp\/v2\/posts\/1154\/revisions\/1156"}],"wp:featuredmedia":[{"embeddable":true,"href":"https:\/\/rodrigomonteiro.pro.br\/site\/wp-json\/wp\/v2\/media\/1155"}],"wp:attachment":[{"href":"https:\/\/rodrigomonteiro.pro.br\/site\/wp-json\/wp\/v2\/media?parent=1154"}],"wp:term":[{"taxonomy":"category","embeddable":true,"href":"https:\/\/rodrigomonteiro.pro.br\/site\/wp-json\/wp\/v2\/categories?post=1154"},{"taxonomy":"post_tag","embeddable":true,"href":"https:\/\/rodrigomonteiro.pro.br\/site\/wp-json\/wp\/v2\/tags?post=1154"}],"curies":[{"name":"wp","href":"https:\/\/api.w.org\/{rel}","templated":true}]}}