{"id":1157,"date":"2022-06-21T23:23:20","date_gmt":"2022-06-21T23:23:20","guid":{"rendered":"https:\/\/rodrigomonteiro.pro.br\/site\/?p=1157"},"modified":"2022-06-21T23:23:22","modified_gmt":"2022-06-21T23:23:22","slug":"colaboracao-premiada-novas-perspectivas-para-o-sistema-juridico-penal","status":"publish","type":"post","link":"https:\/\/rodrigomonteiro.pro.br\/site\/colaboracao-premiada-novas-perspectivas-para-o-sistema-juridico-penal\/","title":{"rendered":"Colabora\u00e7\u00e3o premiada: Novas perspectivas para o sistema jur\u00eddico-penal"},"content":{"rendered":"<h2>Colabora\u00e7\u00e3o premiada: Novas perspectivas para o sistema jur\u00eddico-penal<\/h2>\n<p>\u201cO intuito da obra \u00e9 estimular o pensamento cr\u00edtico e mobilizar o esp\u00edrito humano a propor e a resolver problemas. Difundir novas perspectivas \u00e9 a sublime via para aperfei\u00e7oar o conhecimento jur\u00eddico. Ansiamos despertar nos leitores o \u00e2nimo para refletir sobre os diferentes caminhos que permeiam a colabora\u00e7\u00e3o premiada e a justi\u00e7a penal negociada. Ou, ao menos, que o desfrute da leitura possa agu\u00e7ar a vontade de experimentar novos rumos no processo penal\u201d.<br \/>Renan Posella Mandarino<\/p>\n<p>\u00a0<\/p>\n<p><a href=\"https:\/\/www.editoradplacido.com.br\/colaboracao-premiada-novas-perspectivas-para-o-sistema-juridico-penal\" target=\"_blank\" rel=\"noopener\"><img loading=\"lazy\" decoding=\"async\" class=\"alignnone size-full wp-image-1076\" src=\"https:\/\/rodrigomonteiro.pro.br\/site\/wp-content\/uploads\/2015\/07\/comprar-agora-2.png\" alt=\"\" width=\"200\" height=\"56\" \/><\/a><\/p>\n<p><img loading=\"lazy\" decoding=\"async\" class=\"alignnone size-medium wp-image-1158\" src=\"https:\/\/rodrigomonteiro.pro.br\/site\/wp-content\/uploads\/2022\/06\/service-6-300x200.png\" alt=\"\" width=\"300\" height=\"200\" srcset=\"https:\/\/rodrigomonteiro.pro.br\/site\/wp-content\/uploads\/2022\/06\/service-6-300x200.png 300w, https:\/\/rodrigomonteiro.pro.br\/site\/wp-content\/uploads\/2022\/06\/service-6-570x380.png 570w, https:\/\/rodrigomonteiro.pro.br\/site\/wp-content\/uploads\/2022\/06\/service-6.png 600w\" sizes=\"auto, (max-width: 300px) 100vw, 300px\" \/><\/p>\n<p>\u00a0<\/p>\n\n\n<p><\/p>\n","protected":false},"excerpt":{"rendered":"<p>O sistema normativo criminal brasileiro \u00e9 composto por dezenas de diplomas legais aprovados ao longo do tempo, sendo alguns extremamente atuais (como a Nova Lei de Licita\u00e7\u00f5es \u2013 Lei n\u00ba 14.133, de 1\u00ba de abril de 2021) e outros que remontam \u00e0 d\u00e9cada de 40 do s\u00e9culo passado (como a Lei de Contraven\u00e7\u00f5es Penais \u2013 Decreto-Lei n\u00ba 3.688\/1941).<\/p>\n","protected":false},"author":1,"featured_media":1158,"comment_status":"closed","ping_status":"open","sticky":false,"template":"","format":"standard","meta":{"footnotes":""},"categories":[75],"tags":[76],"class_list":["post-1157","post","type-post","status-publish","format-standard","has-post-thumbnail","hentry","category-publicacoes","tag-rodrigo-monteiro"],"_links":{"self":[{"href":"https:\/\/rodrigomonteiro.pro.br\/site\/wp-json\/wp\/v2\/posts\/1157","targetHints":{"allow":["GET"]}}],"collection":[{"href":"https:\/\/rodrigomonteiro.pro.br\/site\/wp-json\/wp\/v2\/posts"}],"about":[{"href":"https:\/\/rodrigomonteiro.pro.br\/site\/wp-json\/wp\/v2\/types\/post"}],"author":[{"embeddable":true,"href":"https:\/\/rodrigomonteiro.pro.br\/site\/wp-json\/wp\/v2\/users\/1"}],"replies":[{"embeddable":true,"href":"https:\/\/rodrigomonteiro.pro.br\/site\/wp-json\/wp\/v2\/comments?post=1157"}],"version-history":[{"count":1,"href":"https:\/\/rodrigomonteiro.pro.br\/site\/wp-json\/wp\/v2\/posts\/1157\/revisions"}],"predecessor-version":[{"id":1159,"href":"https:\/\/rodrigomonteiro.pro.br\/site\/wp-json\/wp\/v2\/posts\/1157\/revisions\/1159"}],"wp:featuredmedia":[{"embeddable":true,"href":"https:\/\/rodrigomonteiro.pro.br\/site\/wp-json\/wp\/v2\/media\/1158"}],"wp:attachment":[{"href":"https:\/\/rodrigomonteiro.pro.br\/site\/wp-json\/wp\/v2\/media?parent=1157"}],"wp:term":[{"taxonomy":"category","embeddable":true,"href":"https:\/\/rodrigomonteiro.pro.br\/site\/wp-json\/wp\/v2\/categories?post=1157"},{"taxonomy":"post_tag","embeddable":true,"href":"https:\/\/rodrigomonteiro.pro.br\/site\/wp-json\/wp\/v2\/tags?post=1157"}],"curies":[{"name":"wp","href":"https:\/\/api.w.org\/{rel}","templated":true}]}}