{"id":1262,"date":"2023-03-21T20:16:54","date_gmt":"2023-03-21T20:16:54","guid":{"rendered":"https:\/\/rodrigomonteiro.pro.br\/site\/?p=1262"},"modified":"2023-03-21T20:16:55","modified_gmt":"2023-03-21T20:16:55","slug":"a-quem-pertence-a-voz-do-brasil-2016","status":"publish","type":"post","link":"https:\/\/rodrigomonteiro.pro.br\/site\/a-quem-pertence-a-voz-do-brasil-2016\/","title":{"rendered":"A QUEM PERTENCE \u201cA VOZ DO BRASIL\u201d? &#8211; 2016"},"content":{"rendered":"<h2>Publicado em A Gazeta, p. 15, em 26 de abril 2016<\/h2>\n<p>\u00a0<\/p>\n<p>\u201cA Voz do Brasil\u201d \u00e9 um notici\u00e1rio estatal, de difus\u00e3o obrigat\u00f3ria, conforme previs\u00e3o do artigo 38, do C\u00f3digo Brasileiro de Telecomunica\u00e7\u00f5es, que vai ao ar diariamente, h\u00e1 mais de 70 anos, em todas as emissoras de r\u00e1dio do Brasil, as 19:00 horas, com o objetivo de levar informa\u00e7\u00f5es a todos os cidad\u00e3os brasileiros. O programa \u00e9 produzido pela Empresa Brasil de Comunica\u00e7\u00e3o, uma empresa p\u00fablica do Governo Federal. Mas, de fato, qual \u00e9 a real fun\u00e7\u00e3o de \u201cA Voz do Brasil\u201d? Trata-se de um programa voltado a difundir informa\u00e7\u00f5es de interesse social, ou, apenas, divulgar e enaltecer as qualidades do Governo Federal? H\u00e1, assim, o escopo de privilegiar o interesse p\u00fablico prim\u00e1rio (o verdadeiro interesse p\u00fablico) ou o interesse p\u00fablico secund\u00e1rio (interesse do governo)? A Constitui\u00e7\u00e3o Federal, em seu artigo 37, XXII, \u00a7 1\u00ba, \u00e9 clara ao disciplinar que \u201ca publicidade dos atos, programas, obras, servi\u00e7os e campanhas dos \u00f3rg\u00e3os p\u00fablicos dever\u00e1 ter car\u00e1ter educativo, informativo ou de orienta\u00e7\u00e3o social, dela n\u00e3o podendo constar nomes, s\u00edmbolos ou imagens que caracterizem promo\u00e7\u00e3o pessoal de autoridades ou servidores p\u00fablicos\u201d. Diversamente da coercitiva previs\u00e3o constitucional, \u00e9 poss\u00edvel perceber, todos os dias, que \u201cA Voz do Brasil\u201d se presta, t\u00e3o somente, a divulgar, de modo parcial, not\u00edcias de interesse do Governo Federal (interesse secund\u00e1rio), em afronta, tamb\u00e9m, ao artigo 37, <i>caput<\/i>, da Constitui\u00e7\u00e3o, que versa sobre o princ\u00edpio da impessoalidade, o qual determina que toda atua\u00e7\u00e3o da Administra\u00e7\u00e3o P\u00fablica jamais pode buscar fim diverso da satisfa\u00e7\u00e3o dos anseios da coletividade e, nessa toada, a divulga\u00e7\u00e3o de atos promocionais do Governo Federal destoa da regra constitucional. Exemplo evidente da viola\u00e7\u00e3o ao princ\u00edpio da impessoalidade foi novamente observado na edi\u00e7\u00e3o levada ao ar no dia seguinte \u00e0 sess\u00e3o da C\u00e2mara dos Deputados que culminou com o recebimento do processo de <i>impeachment<\/i> contra a Presidente da Rep\u00fablica, ocasi\u00e3o em que a Empresa Brasil de Comunica\u00e7\u00e3o produziu um programa que enalteceu apenas uma vers\u00e3o dos fatos que constam no processo de impedimento, com divulga\u00e7\u00e3o de trechos de pronunciamentos da pr\u00f3pria Presidente e do Advogado-Geral da Uni\u00e3o, bem como por meio de entrevistas dos l\u00edderes do Governo na C\u00e2mara dos Deputados e no Senado Federal. Nesse contexto, cabe a seguinte indaga\u00e7\u00e3o: a quem serve \u201cA Voz do Brasil\u201d? Ao interesse p\u00fablico prim\u00e1rio ou aos interesses do Governo Federal, os quais, por vezes, se apresentam contradit\u00f3rios ao verdadeiro interesse da sociedade brasileira?<\/p>\n<p>RODRIGO MONTEIRO<span class=\"Apple-converted-space\">\u00a0<\/span><\/p>\n<p>Promotor de Justi\u00e7a; Mestrando em Direitos e Garantias Fundamentais (FDV).<\/p>\n<p><img loading=\"lazy\" decoding=\"async\" class=\"alignnone wp-image-1263 size-full\" src=\"https:\/\/rodrigomonteiro.pro.br\/site\/wp-content\/uploads\/2023\/03\/download.jpg\" alt=\"\" width=\"275\" height=\"183\" \/><\/p>\n<p>\u00a0<\/p>\n\n\n<ul class=\"wp-block-list\">\n<li><\/li>\n<\/ul>\n","protected":false},"excerpt":{"rendered":"<p>A imagem pode conter direito autorais.<\/p>\n","protected":false},"author":2,"featured_media":1263,"comment_status":"closed","ping_status":"open","sticky":false,"template":"","format":"standard","meta":{"footnotes":""},"categories":[78],"tags":[76],"class_list":["post-1262","post","type-post","status-publish","format-standard","has-post-thumbnail","hentry","category-artigos-de-jornal","tag-rodrigo-monteiro"],"_links":{"self":[{"href":"https:\/\/rodrigomonteiro.pro.br\/site\/wp-json\/wp\/v2\/posts\/1262","targetHints":{"allow":["GET"]}}],"collection":[{"href":"https:\/\/rodrigomonteiro.pro.br\/site\/wp-json\/wp\/v2\/posts"}],"about":[{"href":"https:\/\/rodrigomonteiro.pro.br\/site\/wp-json\/wp\/v2\/types\/post"}],"author":[{"embeddable":true,"href":"https:\/\/rodrigomonteiro.pro.br\/site\/wp-json\/wp\/v2\/users\/2"}],"replies":[{"embeddable":true,"href":"https:\/\/rodrigomonteiro.pro.br\/site\/wp-json\/wp\/v2\/comments?post=1262"}],"version-history":[{"count":1,"href":"https:\/\/rodrigomonteiro.pro.br\/site\/wp-json\/wp\/v2\/posts\/1262\/revisions"}],"predecessor-version":[{"id":1264,"href":"https:\/\/rodrigomonteiro.pro.br\/site\/wp-json\/wp\/v2\/posts\/1262\/revisions\/1264"}],"wp:featuredmedia":[{"embeddable":true,"href":"https:\/\/rodrigomonteiro.pro.br\/site\/wp-json\/wp\/v2\/media\/1263"}],"wp:attachment":[{"href":"https:\/\/rodrigomonteiro.pro.br\/site\/wp-json\/wp\/v2\/media?parent=1262"}],"wp:term":[{"taxonomy":"category","embeddable":true,"href":"https:\/\/rodrigomonteiro.pro.br\/site\/wp-json\/wp\/v2\/categories?post=1262"},{"taxonomy":"post_tag","embeddable":true,"href":"https:\/\/rodrigomonteiro.pro.br\/site\/wp-json\/wp\/v2\/tags?post=1262"}],"curies":[{"name":"wp","href":"https:\/\/api.w.org\/{rel}","templated":true}]}}