{"id":1265,"date":"2023-03-21T20:20:39","date_gmt":"2023-03-21T20:20:39","guid":{"rendered":"https:\/\/rodrigomonteiro.pro.br\/site\/?p=1265"},"modified":"2023-03-21T20:20:40","modified_gmt":"2023-03-21T20:20:40","slug":"e-preciso-ir-alem-2018","status":"publish","type":"post","link":"https:\/\/rodrigomonteiro.pro.br\/site\/e-preciso-ir-alem-2018\/","title":{"rendered":"\u00c9 PRECISO IR AL\u00c9M &#8211; 2018"},"content":{"rendered":"<h2>Publicado em A Gazeta, p. 15, em 13 de abril 2018<\/h2>\n<p>A pris\u00e3o do ex-presidente Luiz In\u00e1cio Lula da Silva representou o \u00e1pice no combate \u00e0 corrup\u00e7\u00e3o em nosso pa\u00eds? Essa pergunta possui uma \u00fanica resposta: n\u00e3o! A decreta\u00e7\u00e3o da pris\u00e3o de um ex-presidente da Rep\u00fablica, ap\u00f3s um \u00e1rduo debate junto ao Supremo Tribunal Federal, tem um efeito simb\u00f3lico sem precedentes, pois sinaliza \u00e0 sociedade que ningu\u00e9m pode eximir-se de cumprir a lei, consagrando-se a materializa\u00e7\u00e3o da regra contida no artigo 5\u00ba, da Constitui\u00e7\u00e3o Federal, o qual determina que \u201ctodos s\u00e3o iguais perante a lei, sem distin\u00e7\u00e3o de qualquer natureza\u201d. Referida decis\u00e3o de pris\u00e3o n\u00e3o possui ideologia pol\u00edtico-partid\u00e1ria. Trata-se de an\u00e1lise merit\u00f3ria de provas, sob o crivo da ampla defesa e do contradit\u00f3rio, em cujo \u00e2mbito habita o devido processo legal. \u00c9 preciso que se compreenda que para a Justi\u00e7a n\u00e3o importa se o r\u00e9u empunha uma bandeira de cor vermelha, azul ou amarela. Esse \u00e9 o papel da Justi\u00e7a: fazer valer a lei, sem distin\u00e7\u00e3o. Representa um equ\u00edvoco, entretanto, imaginar que o combate \u00e0 corrup\u00e7\u00e3o no Brasil alcan\u00e7ou o apogeu. Ainda h\u00e1 muito a ser feito. Ainda h\u00e1 muitos caciques que se escondem atr\u00e1s do foro privilegiado que precisam urgentemente sentir a for\u00e7a da Justi\u00e7a. Os desvios na Administra\u00e7\u00e3o P\u00fablica n\u00e3o ser\u00e3o combatidos de forma isolada. Trata-se de uma guerra di\u00e1ria, eis que, em qualquer lugar do mundo, sabe-se que a corrup\u00e7\u00e3o acompanha o poder assim como a sombra, em um dia ensolarado, acompanha o corpo. H\u00e1, por certo, uma diferen\u00e7a existente no Brasil em rela\u00e7\u00e3o \u00e0queles pa\u00edses em que o cumprimento da lei \u00e9 uma realidade: a impunidade. No Brasil delinquir se tornou um neg\u00f3cio de baixo risco impulsionado pela impunidade. Como muito bem salientou o Procurador da Rep\u00fablica Deltan Dallagnol, no Brasil existe um ciclo da impunidade, eis que a corrup\u00e7\u00e3o \u201c\u00e9 dif\u00edcil descobrir. Descoberta, dif\u00edcil provar. Provada, dif\u00edcil o caso n\u00e3o ser anulado. N\u00e3o anulado, demora mais de d\u00e9cada e prescreve. N\u00e3o prescrita, pena \u00e9 baixa e indultada. Aplicada a pena a poderoso, adoece e vai para casa\u201d. Ineg\u00e1vel, pois, que n\u00e3o s\u00f3 a pris\u00e3o do ex-presidente Lula, como a de outros pol\u00edticos e empres\u00e1rios outrora habitantes de um \u201cBrasil\u201d diverso do nosso Brasil, representou um marco na Justi\u00e7a brasileira, por\u00e9m, n\u00e3o podemos nos enganar e acreditar que o trabalho est\u00e1 acabado. \u00c9 preciso que todos os processos relacionados \u00e0 corrup\u00e7\u00e3o sejam julgados de modo racional, sem preteri\u00e7\u00f5es ou persegui\u00e7\u00f5es. O artigo 5\u00ba, inciso LXXVIII, da Constitui\u00e7\u00e3o Federal determina a necessidade de dura\u00e7\u00e3o razo\u00e1vel de todos os processos, com a garantia de celeridade em sua tramita\u00e7\u00e3o. E \u00e9 isso que a sociedade brasileira espera: o julgamento c\u00e9lere e razo\u00e1vel de todos os processos relacionados \u00e0 corrup\u00e7\u00e3o, com a finalidade \u00fanica de eliminar de nosso imagin\u00e1rio o fantasma da impunidade. Em resumo: a pris\u00e3o do ex-presidente Lula representa um divisor de \u00e1guas, por\u00e9m, \u00e9 preciso ir al\u00e9m!<\/p>\n<p>RODRIGO MONTEIRO<span class=\"Apple-converted-space\">\u00a0<\/span><\/p>\n<p>Promotor de Justi\u00e7a; Mestre em Direitos e Garantias Fundamentais (FDV)<\/p>\n<p><img loading=\"lazy\" decoding=\"async\" class=\"alignnone wp-image-1266 size-full\" src=\"https:\/\/rodrigomonteiro.pro.br\/site\/wp-content\/uploads\/2023\/03\/download-1.jpg\" alt=\"\" width=\"275\" height=\"183\" \/><\/p>\n<p>\u00a0<\/p>\n\n\n<ul class=\"wp-block-list\">\n<li><\/li>\n<\/ul>\n","protected":false},"excerpt":{"rendered":"<p>A imagem pode conter direito autorais.<\/p>\n","protected":false},"author":2,"featured_media":1266,"comment_status":"closed","ping_status":"open","sticky":false,"template":"","format":"standard","meta":{"footnotes":""},"categories":[78],"tags":[76],"class_list":["post-1265","post","type-post","status-publish","format-standard","has-post-thumbnail","hentry","category-artigos-de-jornal","tag-rodrigo-monteiro"],"_links":{"self":[{"href":"https:\/\/rodrigomonteiro.pro.br\/site\/wp-json\/wp\/v2\/posts\/1265","targetHints":{"allow":["GET"]}}],"collection":[{"href":"https:\/\/rodrigomonteiro.pro.br\/site\/wp-json\/wp\/v2\/posts"}],"about":[{"href":"https:\/\/rodrigomonteiro.pro.br\/site\/wp-json\/wp\/v2\/types\/post"}],"author":[{"embeddable":true,"href":"https:\/\/rodrigomonteiro.pro.br\/site\/wp-json\/wp\/v2\/users\/2"}],"replies":[{"embeddable":true,"href":"https:\/\/rodrigomonteiro.pro.br\/site\/wp-json\/wp\/v2\/comments?post=1265"}],"version-history":[{"count":1,"href":"https:\/\/rodrigomonteiro.pro.br\/site\/wp-json\/wp\/v2\/posts\/1265\/revisions"}],"predecessor-version":[{"id":1267,"href":"https:\/\/rodrigomonteiro.pro.br\/site\/wp-json\/wp\/v2\/posts\/1265\/revisions\/1267"}],"wp:featuredmedia":[{"embeddable":true,"href":"https:\/\/rodrigomonteiro.pro.br\/site\/wp-json\/wp\/v2\/media\/1266"}],"wp:attachment":[{"href":"https:\/\/rodrigomonteiro.pro.br\/site\/wp-json\/wp\/v2\/media?parent=1265"}],"wp:term":[{"taxonomy":"category","embeddable":true,"href":"https:\/\/rodrigomonteiro.pro.br\/site\/wp-json\/wp\/v2\/categories?post=1265"},{"taxonomy":"post_tag","embeddable":true,"href":"https:\/\/rodrigomonteiro.pro.br\/site\/wp-json\/wp\/v2\/tags?post=1265"}],"curies":[{"name":"wp","href":"https:\/\/api.w.org\/{rel}","templated":true}]}}