{"id":1275,"date":"2023-03-21T20:40:31","date_gmt":"2023-03-21T20:40:31","guid":{"rendered":"https:\/\/rodrigomonteiro.pro.br\/site\/?p=1275"},"modified":"2023-03-21T20:40:32","modified_gmt":"2023-03-21T20:40:32","slug":"nosso-reflexo-no-espelho-2017","status":"publish","type":"post","link":"https:\/\/rodrigomonteiro.pro.br\/site\/nosso-reflexo-no-espelho-2017\/","title":{"rendered":"NOSSO REFLEXO NO ESPELHO &#8211; 2017"},"content":{"rendered":"<h2>Publicado em A Gazeta, p. 17, em 01 de dezembro 2017<\/h2>\n<p>\u00a0<\/p>\n<p>Os meios de comunica\u00e7\u00e3o repetem diariamente not\u00edcias que revelam como a administra\u00e7\u00e3o p\u00fablica brasileira est\u00e1 tomada pela corrup\u00e7\u00e3o. S\u00e3o desvios de toda ordem e a cada dia novos personagens corruptos (alguns n\u00e3o t\u00e3o novos assim) s\u00e3o apresentados ao pa\u00eds. Ao analisar essa epidemia que solapa as riquezas do povo brasileiro resta relevante tecer uma reflex\u00e3o: por que h\u00e1 tanta corrup\u00e7\u00e3o no Brasil? A culpa \u00e9 exclusiva dos agentes p\u00fablicos (e dos corruptores) que buscam ganhos f\u00e1ceis \u00e0s custas do sofrimento de toda a sociedade? Penso que n\u00e3o. \u00c9 poss\u00edvel encontrar agentes p\u00fablicos corruptos em Marte ou no fundo do oceano? Talvez nesses locais (ainda) n\u00e3o haja corrup\u00e7\u00e3o ante \u00e0 aus\u00eancia de uma sociedade que tem seus valores moldados na busca incessante pelo \u201cse dar bem\u201d. A sociedade brasileira vivencia uma ineg\u00e1vel crise \u00e9tica. Ego\u00edsmo, autocentrismo, patrimonialismo e aus\u00eancia total de alteridade s\u00e3o caracter\u00edsticas indel\u00e9veis de nossa sociedade. O meu problema \u00e9 sempre maior do que o problema alheio; a minha pressa \u00e9 sempre maior do que pressa alheia e em raz\u00e3o disso me permito n\u00e3o respeitar as mais b\u00e1sicas regras de conviv\u00eancia social. Por que obedecer \u00e0s leis de tr\u00e2nsito? Por que n\u00e3o furar a fila? Por que n\u00e3o apresentar atestado m\u00e9dico falso? Por que n\u00e3o falsificar carteira de estudante? Por que corrigir o gar\u00e7om quando recebo uma conta errada? Por que alertar ao professor quando a soma da minha nota estiver equivocada? Pessoas comuns com comportamentos dessa natureza, certamente, se tiverem a oportunidade de atuarem como gestores de contrata\u00e7\u00f5es estatais ir\u00e3o desviar recursos p\u00fablicos. A premissa \u00e9 a mesma. \u00c9tica \u00e9 como gravidez: n\u00e3o existe mulher \u201cmeio\u201d gr\u00e1vida e n\u00e3o pode existir cidad\u00e3o \u201cmeio\u201d \u00e9tico. Ou se \u00e9 ou n\u00e3o se \u00e9 \u00e9tico. Esse cidad\u00e3o que vive sempre buscando levar vantagem em tudo, em sintonia com o famoso \u201cjeitinho brasileiro\u201d, ao olhar para o espelho inegavelmente enxergar\u00e1 a imagem daqueles agentes p\u00fablicos que sagram o pa\u00eds. Boa parte de nossos agentes p\u00fablicos somente est\u00e1 preocupada com a satisfa\u00e7\u00e3o dos pr\u00f3prios interesses pois essa \u00e9 a mensagem que lhes \u00e9 passada pela sociedade. Essa rela\u00e7\u00e3o \u00e9 c\u00edclica e se retroalimenta. Enquanto n\u00e3o percebermos que esses \u201cinocentes\u201d desvios comportamentais s\u00e3o alimento para a aus\u00eancia de \u00e9tica e alteridade em toda a sociedade estaremos fadados a acompanhar, diariamente, novas e novas not\u00edcias sobre desvios de conduta na administra\u00e7\u00e3o p\u00fablica brasileira. A mudan\u00e7a que esperamos e precisamos n\u00e3o vir\u00e1 de Bras\u00edlia. A mudan\u00e7a deve partir de cada um de n\u00f3s. A mudan\u00e7a \u00e9 contra majorit\u00e1ria e precisa come\u00e7ar de baixo para cima. Devemos educar nossos filhos a partir de premissas e, sobretudo, de exemplos positivos pautados na \u00e9tica, para que as pr\u00f3ximas gera\u00e7\u00f5es ao menos tentem mudar o paradigma atual. A gera\u00e7\u00e3o presente se mostrou incapaz de transformar o Brasil em um pa\u00eds melhor. Oxal\u00e1 nossos filhos e netos consigam aquilo que n\u00e3o tivemos compet\u00eancia para fazer: um pa\u00eds mais justo e \u00e9tico.<\/p>\n<p>RODRIGO MONTEIRO<span class=\"Apple-converted-space\">\u00a0<\/span><\/p>\n<p>Promotor de Justi\u00e7a; Mestre em Direito<\/p>\n<p><img loading=\"lazy\" decoding=\"async\" class=\"alignnone wp-image-1276 size-full\" src=\"https:\/\/rodrigomonteiro.pro.br\/site\/wp-content\/uploads\/2023\/03\/images-1.jpg\" alt=\"\" width=\"192\" height=\"263\" \/><\/p>\n<p>\u00a0<\/p>\n\n\n<ul class=\"wp-block-list\">\n<li>Imagem retirada da p\u00e1gina https:\/\/casavogue.globo.com\/Design\/noticia\/2013\/07\/espelho-reflet-claire-lavabre.html<\/li>\n<\/ul>\n","protected":false},"excerpt":{"rendered":"<p>A imagem pode conter direito autorais.<\/p>\n","protected":false},"author":2,"featured_media":1276,"comment_status":"closed","ping_status":"open","sticky":false,"template":"","format":"standard","meta":{"footnotes":""},"categories":[78],"tags":[76],"class_list":["post-1275","post","type-post","status-publish","format-standard","has-post-thumbnail","hentry","category-artigos-de-jornal","tag-rodrigo-monteiro"],"_links":{"self":[{"href":"https:\/\/rodrigomonteiro.pro.br\/site\/wp-json\/wp\/v2\/posts\/1275","targetHints":{"allow":["GET"]}}],"collection":[{"href":"https:\/\/rodrigomonteiro.pro.br\/site\/wp-json\/wp\/v2\/posts"}],"about":[{"href":"https:\/\/rodrigomonteiro.pro.br\/site\/wp-json\/wp\/v2\/types\/post"}],"author":[{"embeddable":true,"href":"https:\/\/rodrigomonteiro.pro.br\/site\/wp-json\/wp\/v2\/users\/2"}],"replies":[{"embeddable":true,"href":"https:\/\/rodrigomonteiro.pro.br\/site\/wp-json\/wp\/v2\/comments?post=1275"}],"version-history":[{"count":1,"href":"https:\/\/rodrigomonteiro.pro.br\/site\/wp-json\/wp\/v2\/posts\/1275\/revisions"}],"predecessor-version":[{"id":1277,"href":"https:\/\/rodrigomonteiro.pro.br\/site\/wp-json\/wp\/v2\/posts\/1275\/revisions\/1277"}],"wp:featuredmedia":[{"embeddable":true,"href":"https:\/\/rodrigomonteiro.pro.br\/site\/wp-json\/wp\/v2\/media\/1276"}],"wp:attachment":[{"href":"https:\/\/rodrigomonteiro.pro.br\/site\/wp-json\/wp\/v2\/media?parent=1275"}],"wp:term":[{"taxonomy":"category","embeddable":true,"href":"https:\/\/rodrigomonteiro.pro.br\/site\/wp-json\/wp\/v2\/categories?post=1275"},{"taxonomy":"post_tag","embeddable":true,"href":"https:\/\/rodrigomonteiro.pro.br\/site\/wp-json\/wp\/v2\/tags?post=1275"}],"curies":[{"name":"wp","href":"https:\/\/api.w.org\/{rel}","templated":true}]}}