{"id":1281,"date":"2023-03-21T20:58:58","date_gmt":"2023-03-21T20:58:58","guid":{"rendered":"https:\/\/rodrigomonteiro.pro.br\/site\/?p=1281"},"modified":"2023-03-21T21:02:20","modified_gmt":"2023-03-21T21:02:20","slug":"presuncao-de-inocencia-principio-ou-regra-2018","status":"publish","type":"post","link":"https:\/\/rodrigomonteiro.pro.br\/site\/presuncao-de-inocencia-principio-ou-regra-2018\/","title":{"rendered":"TODOS S\u00c3O IGUAIS PERANTE A LEI (S\u00d3 QUE N\u00c3O) &#8211; 2018"},"content":{"rendered":"<h2>Publicado em A Gazeta, p. 15, em 03 de abril 2018<\/h2>\n<p>\u00a0<\/p>\n<p>Na \u00faltima semana o Supremo Tribunal Federal envergonhou todos os brasileiros. A semana come\u00e7ou com uma acalorada e deselegante discuss\u00e3o entre os ministros Gilmar Mendes e Lu\u00eds Roberto Barroso, expondo a todos uma verdadeira cis\u00e3o ideol\u00f3gica existente naquela Corte. Em seguida teve in\u00edcio a an\u00e1lise do habeas corpus do ex-presidente Luis In\u00e1cio Lula da Silva e mediante o placar de 7 x 4 o ministros decidiram que at\u00e9 o dia 04 de abril (data a ser julgado o m\u00e9rito) a decis\u00e3o do TRF-4, que condenou o ex-presidente, n\u00e3o poder\u00e1 ser cumprida e, com isso, a execu\u00e7\u00e3o provis\u00f3ria da pena privativa de liberdade, ao menos por enquanto, est\u00e1 suspensa. N\u00e3o se discute o m\u00e9rito da decis\u00e3o do STF, mas sim, o caminho trilhado por esse habeas corpus. O artigo 429, do C\u00f3digo de Processo Penal \u00e9 claro ao determinar crit\u00e9rios objetivos que definem a ordem de qualquer julgamento na seara criminal. Segundo referido dispositivo legal os julgamentos de processos referentes a acusados presos ter\u00e3o prioridade sobre aqueles de acusados soltos, como \u00e9 o caso do ex-presidente. Atualmente o STF conta com dezenas de processos de r\u00e9us presos aguardando inclus\u00e3o em pauta e o que se viu, como em um passe de m\u00e1gica, foi a demonstra\u00e7\u00e3o clara \u00e0 sociedade brasileira de que \u201cquem pode mais chora menos\u201d. O habeas corpus do ex-presidente Lula n\u00e3o poderia sequer ter sido pautado, cabendo aguardar o julgamento dos demais processos de r\u00e9us presos. Houve uma ofensa grav\u00edssima ao princ\u00edpio constitucional da isonomia, consagrado no artigo 5\u00ba, da Constitui\u00e7\u00e3o Federal, o qual determina que \u201ctodos s\u00e3o iguais perante a lei, sem distin\u00e7\u00e3o de qualquer natureza\u201d. Igualmente o princ\u00edpio constitucional da impessoalidade que determina uma atua\u00e7\u00e3o do Estado pautada em crit\u00e9rio objetivos, sem prefer\u00eancias ou preteri\u00e7\u00f5es, foi maculado.<span class=\"Apple-converted-space\">\u00a0 <\/span>H\u00e1 muito tempo o Brasil vivencia uma profunda crise de legitimidade democr\u00e1tica, eis que as institui\u00e7\u00f5es cunhadas para defender o interesse da sociedade apenas se mostram capazes de brigar em favor de si mesmas. O povo n\u00e3o mais se sente representado. Essa sensa\u00e7\u00e3o tem sido de f\u00e1cil percep\u00e7\u00e3o junto aos Poderes Executivo e Legislativo, entretanto, o Judici\u00e1rio se mostrava imune a essa ruptura de confian\u00e7a. Infelizmente, temos percebido que o STF, guardi\u00e3o m\u00e1ximo de nossa Constitui\u00e7\u00e3o, sucumbiu aos mesmos pecados dos demais Poderes e tamb\u00e9m pauta sua atua\u00e7\u00e3o de acordo com interesses pontuais. Se a Corte Suprema de uma na\u00e7\u00e3o democr\u00e1tica envia um recado \u00e0 sociedade dando conta de que n\u00e3o existe a igualdade tra\u00e7ada na Constitui\u00e7\u00e3o Federal, \u00e9 dif\u00edcil saber a quem deveremos recorrer. Todos s\u00e3o iguais perante a lei, s\u00f3 que n\u00e3o!<\/p>\n<p>RODRIGO MONTEIRO<span class=\"Apple-converted-space\">\u00a0<\/span><\/p>\n<p>Promotor de Justi\u00e7a; Mestre em Direitos e Garantias Fundamentais (FDV).<\/p>\n<p><img loading=\"lazy\" decoding=\"async\" class=\"alignnone wp-image-1266 size-full\" src=\"https:\/\/rodrigomonteiro.pro.br\/site\/wp-content\/uploads\/2023\/03\/download-1.jpg\" alt=\"\" width=\"275\" height=\"183\" \/><\/p>\n<p>\u00a0<\/p>\n\n\n<ul class=\"wp-block-list\">\n<li>Imagem pode conter direitos autorais <\/li>\n<\/ul>\n","protected":false},"excerpt":{"rendered":"<p>A imagem pode conter direito autorais.<\/p>\n","protected":false},"author":2,"featured_media":1266,"comment_status":"closed","ping_status":"open","sticky":false,"template":"","format":"standard","meta":{"footnotes":""},"categories":[78],"tags":[76],"class_list":["post-1281","post","type-post","status-publish","format-standard","has-post-thumbnail","hentry","category-artigos-de-jornal","tag-rodrigo-monteiro"],"_links":{"self":[{"href":"https:\/\/rodrigomonteiro.pro.br\/site\/wp-json\/wp\/v2\/posts\/1281","targetHints":{"allow":["GET"]}}],"collection":[{"href":"https:\/\/rodrigomonteiro.pro.br\/site\/wp-json\/wp\/v2\/posts"}],"about":[{"href":"https:\/\/rodrigomonteiro.pro.br\/site\/wp-json\/wp\/v2\/types\/post"}],"author":[{"embeddable":true,"href":"https:\/\/rodrigomonteiro.pro.br\/site\/wp-json\/wp\/v2\/users\/2"}],"replies":[{"embeddable":true,"href":"https:\/\/rodrigomonteiro.pro.br\/site\/wp-json\/wp\/v2\/comments?post=1281"}],"version-history":[{"count":2,"href":"https:\/\/rodrigomonteiro.pro.br\/site\/wp-json\/wp\/v2\/posts\/1281\/revisions"}],"predecessor-version":[{"id":1285,"href":"https:\/\/rodrigomonteiro.pro.br\/site\/wp-json\/wp\/v2\/posts\/1281\/revisions\/1285"}],"wp:featuredmedia":[{"embeddable":true,"href":"https:\/\/rodrigomonteiro.pro.br\/site\/wp-json\/wp\/v2\/media\/1266"}],"wp:attachment":[{"href":"https:\/\/rodrigomonteiro.pro.br\/site\/wp-json\/wp\/v2\/media?parent=1281"}],"wp:term":[{"taxonomy":"category","embeddable":true,"href":"https:\/\/rodrigomonteiro.pro.br\/site\/wp-json\/wp\/v2\/categories?post=1281"},{"taxonomy":"post_tag","embeddable":true,"href":"https:\/\/rodrigomonteiro.pro.br\/site\/wp-json\/wp\/v2\/tags?post=1281"}],"curies":[{"name":"wp","href":"https:\/\/api.w.org\/{rel}","templated":true}]}}