{"id":1286,"date":"2023-03-21T21:10:16","date_gmt":"2023-03-21T21:10:16","guid":{"rendered":"https:\/\/rodrigomonteiro.pro.br\/site\/?p=1286"},"modified":"2023-03-21T21:10:17","modified_gmt":"2023-03-21T21:10:17","slug":"vida-loka-2017","status":"publish","type":"post","link":"https:\/\/rodrigomonteiro.pro.br\/site\/vida-loka-2017\/","title":{"rendered":"VIDA LOKA &#8211; 2017"},"content":{"rendered":"<h2>Publicado em A Gazeta, p. 17, em 04 de outubro 2017<\/h2>\n<p>Preocupante a mat\u00e9ria publicada no \u00faltimo s\u00e1bado pelo Jornal A Gazeta que revelou o n\u00famero de homic\u00eddios ocorridos em 2017 no bairro Central Carapina, no munic\u00edpio da Serra. De janeiro a julho foram 20 homic\u00eddios. Acompanhamos na m\u00eddia o caos que se instaurou na favela da Rocinha, no Rio de Janeiro, local em que fac\u00e7\u00f5es criminosas impuseram uma verdadeira guerra pelo dom\u00ednio do tr\u00e1fico. Essa realidade n\u00e3o est\u00e1 distante de n\u00f3s, eis que em alguns bairros da Grande Vit\u00f3ria pessoas de bem convivem diariamente com o medo e t\u00eam seus direitos fundamentais violados em raz\u00e3o da luta que bandidos fortemente armados travam pelo controle do tr\u00e1fico de drogas. Esse crescimento desenfreado da criminalidade \u00e9 consequ\u00eancia direta da aus\u00eancia do Estado nas comunidades socialmente vulner\u00e1veis. Onde o Estado n\u00e3o se faz presente a criminalidade dita as regras e os chefes do crime se tornam o ideal de vida a ser alcan\u00e7ado pelos jovens. \u00c9 \u00f3bvio que a escolha pelo ingresso no mundo do crime decorre do livre arb\u00edtrio, revelando-se uma fal\u00e1cia a hist\u00f3ria de que bandidos s\u00e3o v\u00edtimas da sociedade. Em outro sentido, resta evidente que a aus\u00eancia de pol\u00edticas p\u00fablicas adequadas nas \u00e1reas de educa\u00e7\u00e3o, assist\u00eancia social, inclus\u00e3o e capacita\u00e7\u00e3o profissional contribui de forma preponderante para que os jovens optem por aquilo que eles mesmo denominam de \u201cvida loka\u201d. Viol\u00eancia e criminalidade n\u00e3o se combatem apenas com pol\u00edticas de seguran\u00e7a p\u00fablica. O trabalho que vem sendo realizado de forma competente pela pol\u00edcia \u00e9 apenas a ponta da lan\u00e7a. Traficantes s\u00e3o como formigas e se multiplicam em ritmo de progress\u00e3o geom\u00e9trica. Apenas prender os chefes do tr\u00e1fico n\u00e3o ir\u00e1 resolver o problema. \u00c9 preciso que a presen\u00e7a do Estado, em especial nas \u00e1reas de vulnerabilidade social, seja uma constante. A aus\u00eancia do Estado representa uma ineg\u00e1vel redu\u00e7\u00e3o na possibilidade de jovens optarem por uma vida digna. O tr\u00e1fico seduz. A criminalidade seduz. Cabe ao Estado por meio de oferta de pol\u00edticas p\u00fablicas adequadas \u00e0 realidade dessas comunidades mostrar que a escolha por uma vida honesta, pautada na dignidade, no estudo e no trabalho \u00e9 mais sedutora do que a efemeridade ocasionada pela \u201cvida loka\u201d.<span class=\"Apple-converted-space\">\u00a0<\/span><\/p>\n<p>RODRIGO MONTEIRO<span class=\"Apple-converted-space\">\u00a0<\/span><\/p>\n<p>Promotor de Justi\u00e7a; Mestre em Direitos e Garantias Fundamentais (FDV).<\/p>\n<p><img loading=\"lazy\" decoding=\"async\" class=\"alignnone wp-image-1287 size-medium\" src=\"https:\/\/rodrigomonteiro.pro.br\/site\/wp-content\/uploads\/2023\/03\/b25daec4e0d4e32d98d571742ee0381e_XL-300x215.jpg\" alt=\"\" width=\"300\" height=\"215\" srcset=\"https:\/\/rodrigomonteiro.pro.br\/site\/wp-content\/uploads\/2023\/03\/b25daec4e0d4e32d98d571742ee0381e_XL-300x215.jpg 300w, https:\/\/rodrigomonteiro.pro.br\/site\/wp-content\/uploads\/2023\/03\/b25daec4e0d4e32d98d571742ee0381e_XL-768x550.jpg 768w, https:\/\/rodrigomonteiro.pro.br\/site\/wp-content\/uploads\/2023\/03\/b25daec4e0d4e32d98d571742ee0381e_XL-570x409.jpg 570w, https:\/\/rodrigomonteiro.pro.br\/site\/wp-content\/uploads\/2023\/03\/b25daec4e0d4e32d98d571742ee0381e_XL.jpg 900w\" sizes=\"auto, (max-width: 300px) 100vw, 300px\" \/><\/p>\n<p>\u00a0<\/p>\n\n\n<ul class=\"wp-block-list\">\n<li>Imagem pode conter direitos autorais <\/li>\n<\/ul>\n","protected":false},"excerpt":{"rendered":"<p>A imagem pode conter direito autorais.<\/p>\n","protected":false},"author":2,"featured_media":1287,"comment_status":"closed","ping_status":"open","sticky":false,"template":"","format":"standard","meta":{"footnotes":""},"categories":[78],"tags":[76],"class_list":["post-1286","post","type-post","status-publish","format-standard","has-post-thumbnail","hentry","category-artigos-de-jornal","tag-rodrigo-monteiro"],"_links":{"self":[{"href":"https:\/\/rodrigomonteiro.pro.br\/site\/wp-json\/wp\/v2\/posts\/1286","targetHints":{"allow":["GET"]}}],"collection":[{"href":"https:\/\/rodrigomonteiro.pro.br\/site\/wp-json\/wp\/v2\/posts"}],"about":[{"href":"https:\/\/rodrigomonteiro.pro.br\/site\/wp-json\/wp\/v2\/types\/post"}],"author":[{"embeddable":true,"href":"https:\/\/rodrigomonteiro.pro.br\/site\/wp-json\/wp\/v2\/users\/2"}],"replies":[{"embeddable":true,"href":"https:\/\/rodrigomonteiro.pro.br\/site\/wp-json\/wp\/v2\/comments?post=1286"}],"version-history":[{"count":1,"href":"https:\/\/rodrigomonteiro.pro.br\/site\/wp-json\/wp\/v2\/posts\/1286\/revisions"}],"predecessor-version":[{"id":1288,"href":"https:\/\/rodrigomonteiro.pro.br\/site\/wp-json\/wp\/v2\/posts\/1286\/revisions\/1288"}],"wp:featuredmedia":[{"embeddable":true,"href":"https:\/\/rodrigomonteiro.pro.br\/site\/wp-json\/wp\/v2\/media\/1287"}],"wp:attachment":[{"href":"https:\/\/rodrigomonteiro.pro.br\/site\/wp-json\/wp\/v2\/media?parent=1286"}],"wp:term":[{"taxonomy":"category","embeddable":true,"href":"https:\/\/rodrigomonteiro.pro.br\/site\/wp-json\/wp\/v2\/categories?post=1286"},{"taxonomy":"post_tag","embeddable":true,"href":"https:\/\/rodrigomonteiro.pro.br\/site\/wp-json\/wp\/v2\/tags?post=1286"}],"curies":[{"name":"wp","href":"https:\/\/api.w.org\/{rel}","templated":true}]}}