{"id":1312,"date":"2023-03-22T20:48:03","date_gmt":"2023-03-22T20:48:03","guid":{"rendered":"https:\/\/rodrigomonteiro.pro.br\/site\/?p=1312"},"modified":"2023-03-22T20:48:03","modified_gmt":"2023-03-22T20:48:03","slug":"somos-todos-corruptos-2016","status":"publish","type":"post","link":"https:\/\/rodrigomonteiro.pro.br\/site\/somos-todos-corruptos-2016\/","title":{"rendered":"SOMOS TODOS CORRUPTOS?  &#8211; 2016"},"content":{"rendered":"<h2>Publicado no Jornal A Tribuna, \u00a0Vit\u00f3ria\/ES, \u00a0p. 19, em 09 de dezembro 2016<span class=\"Apple-converted-space\">\u00a0<\/span><\/h2>\n<p>Hoje, 09 de dezembro, celebra-se o dia internacional de combate \u00e0 corrup\u00e7\u00e3o. Torna-se relevante tecer uma an\u00e1lise sobre o momento sens\u00edvel vivenciado pela sociedade brasileira, eis que ap\u00f3s a coleta de milh\u00f5es de assinaturas em um projeto de iniciativa popular vocacionado a frear a corrup\u00e7\u00e3o, nos deparamos, numa madrugada em que todo o Brasil apresentava-se consternado e de luto, com o fato de que nossos parlamentares, na surdina, dilaceraram as medidas anticorrup\u00e7\u00e3o formuladas pelo povo, numa clara demonstra\u00e7\u00e3o de falta de compromisso e respeito para com os reais detentores do poder: o povo! Restou claro que os representantes eleitos para gerir os interesses da na\u00e7\u00e3o est\u00e3o conduzindo o Congresso Nacional com a finalidade \u00fanica de autopreserva\u00e7\u00e3o, eis que, segundo o site <i>congressoemfoco<\/i>, cerca de 30% dos deputados federais e 40% dos senadores, figuram como r\u00e9us junto ao Supremo Tribunal Federal. Nesse contexto, importante tentar entendermos se, realmente, a atua\u00e7\u00e3o desses parlamentares encontra-se isolada daquilo que \u00e9 praticado na \u201cvida real\u201d ou, de outra sorte, se existe uma verdadeira rela\u00e7\u00e3o de reciprocidade para com a sociedade brasileira. Assim, necess\u00e1rio que se questione: existe corrup\u00e7\u00e3o apenas nos bastidores do poder? \u00c9 muito comum que o cidad\u00e3o se inquiete com as reiteradas not\u00edcias de corrup\u00e7\u00e3o que habitam os meios de comunica\u00e7\u00e3o, por\u00e9m, \u201cesque\u00e7a-se\u201d de observar regras de conduta di\u00e1rias, comportamentos \u00e9ticos que deveriam ser buscados no cotidiano. Esse sentimento de que somente existe corrup\u00e7\u00e3o na Administra\u00e7\u00e3o P\u00fablica merecer ser desconstru\u00eddo. \u00c9 preciso analisar o problema do enfretamento \u00e0 corrup\u00e7\u00e3o n\u00e3o apenas sob o vi\u00e9s do Estado, mas sempre lembrando que se as pr\u00e1ticas il\u00edcitas t\u00eam persistido por tanto tempo no Brasil, \u00e9 porque isso est\u00e1 arraigado \u00e0 pr\u00f3pria sociedade, fazendo parte indissoci\u00e1vel de nossa cultura. A assun\u00e7\u00e3o de responsabilidades por parte da sociedade \u00e9 medida de extrema urg\u00eancia, de modo que nas\u00e7a um sentimento de repulsa n\u00e3o apenas aos atos de corrup\u00e7\u00e3o praticados pelos agentes p\u00fablicos, mas, tamb\u00e9m, quanto aos atos di\u00e1rios, corriqueiros, perpetrados pelo homem comum, numa inequ\u00edvoca exalta\u00e7\u00e3o do conhecido \u201cjeitinho brasileiro\u201d, vinculado a buscar vantagens que n\u00e3o seriam obtidas em condi\u00e7\u00f5es objetivas de normalidade, mediante arranjos vivenciados em um sistema legal paralelo \u00e0 realidade social. \u00c9 evidente que a sociedade n\u00e3o pode ser culpada por todos os infort\u00fanios que assolam nosso pa\u00eds. \u00c0 sociedade n\u00e3o cabe o \u00f4nus pelos reiterados atos de corrup\u00e7\u00e3o que ocorrem a cada dia. De outra sorte, n\u00e3o h\u00e1 como sustentar a isen\u00e7\u00e3o total dessa responsabilidade. A propaga\u00e7\u00e3o do \u201cjeitinho brasileiro\u201d cria uma nova gera\u00e7\u00e3o de cidad\u00e3os aproveitadores e, infelizmente, o \u201clevar vantagem em tudo\u201d, permanece no imagin\u00e1rio do cidad\u00e3o brasileiro, fato que contribui para a propaga\u00e7\u00e3o de atos de corrup\u00e7\u00e3o na pol\u00edtica e, sobretudo, no seio da sociedade. Numa sociedade em que o incentivo para desrespeitar as regras \u00e9 muito maior do que o de respeit\u00e1-las, ser honesto n\u00e3o \u00e9 o melhor caminho a ser seguido. No seio de uma sociedade moldada a buscar sempre o levar vantagem em tudo nasce um verdadeiro c\u00edrculo vicioso da corrup\u00e7\u00e3o, em que n\u00e3o h\u00e1 inocentes, estando todos os atores do processo engajados no mesmo desejo ego\u00edstico de sair vencedor, a qualquer pre\u00e7o. Restar\u00e1 infrut\u00edfero o \u00e1rduo e incans\u00e1vel trabalho de combate \u00e0 corrup\u00e7\u00e3o no servi\u00e7o p\u00fablico se, de igual forma, n\u00e3o houver uma ruptura total com o modelo vivenciado na sociedade brasileira. De nada adianta dar in\u00edcio a uma cruzada contra agentes p\u00fablicos corruptos, se o modelo social vigente n\u00e3o for revisto, de modo a se buscar uma completa mudan\u00e7a nos padr\u00f5es \u00e9ticos de toda sociedade brasileira.<\/p>\n<p>RODRIGO MONTEIRO<\/p>\n<p>Promotor de Justi\u00e7a; Mestre em direitos e garantias fundamentais pela Faculdade de Direito de Vit\u00f3ria.<span class=\"Apple-converted-space\">\u00a0<\/span><\/p>\n<p><img loading=\"lazy\" decoding=\"async\" class=\"alignnone wp-image-1313 size-full\" src=\"https:\/\/rodrigomonteiro.pro.br\/site\/wp-content\/uploads\/2023\/03\/images-2.jpg\" alt=\"\" width=\"192\" height=\"262\" \/><\/p>\n<p>\u00a0<\/p>\n\n\n<ul class=\"wp-block-list\">\n<li>Imagem pode conter direitos autorais , retirado da pagina https:\/\/www.pinterest.pt\/pin\/630644754057368329\/<\/li>\n<\/ul>\n","protected":false},"excerpt":{"rendered":"<p>A imagem pode conter direito autorais, retirada da p\u00e1gina https:\/\/www.pinterest.pt\/pin\/630644754057368329\/<\/p>\n","protected":false},"author":2,"featured_media":1313,"comment_status":"closed","ping_status":"open","sticky":false,"template":"","format":"standard","meta":{"footnotes":""},"categories":[78],"tags":[76],"class_list":["post-1312","post","type-post","status-publish","format-standard","has-post-thumbnail","hentry","category-artigos-de-jornal","tag-rodrigo-monteiro"],"_links":{"self":[{"href":"https:\/\/rodrigomonteiro.pro.br\/site\/wp-json\/wp\/v2\/posts\/1312","targetHints":{"allow":["GET"]}}],"collection":[{"href":"https:\/\/rodrigomonteiro.pro.br\/site\/wp-json\/wp\/v2\/posts"}],"about":[{"href":"https:\/\/rodrigomonteiro.pro.br\/site\/wp-json\/wp\/v2\/types\/post"}],"author":[{"embeddable":true,"href":"https:\/\/rodrigomonteiro.pro.br\/site\/wp-json\/wp\/v2\/users\/2"}],"replies":[{"embeddable":true,"href":"https:\/\/rodrigomonteiro.pro.br\/site\/wp-json\/wp\/v2\/comments?post=1312"}],"version-history":[{"count":1,"href":"https:\/\/rodrigomonteiro.pro.br\/site\/wp-json\/wp\/v2\/posts\/1312\/revisions"}],"predecessor-version":[{"id":1314,"href":"https:\/\/rodrigomonteiro.pro.br\/site\/wp-json\/wp\/v2\/posts\/1312\/revisions\/1314"}],"wp:featuredmedia":[{"embeddable":true,"href":"https:\/\/rodrigomonteiro.pro.br\/site\/wp-json\/wp\/v2\/media\/1313"}],"wp:attachment":[{"href":"https:\/\/rodrigomonteiro.pro.br\/site\/wp-json\/wp\/v2\/media?parent=1312"}],"wp:term":[{"taxonomy":"category","embeddable":true,"href":"https:\/\/rodrigomonteiro.pro.br\/site\/wp-json\/wp\/v2\/categories?post=1312"},{"taxonomy":"post_tag","embeddable":true,"href":"https:\/\/rodrigomonteiro.pro.br\/site\/wp-json\/wp\/v2\/tags?post=1312"}],"curies":[{"name":"wp","href":"https:\/\/api.w.org\/{rel}","templated":true}]}}