{"id":1315,"date":"2023-03-22T20:57:10","date_gmt":"2023-03-22T20:57:10","guid":{"rendered":"https:\/\/rodrigomonteiro.pro.br\/site\/?p=1315"},"modified":"2023-03-22T21:02:37","modified_gmt":"2023-03-22T21:02:37","slug":"corrupcao-x-impunidade-desafios-de-hoje-e-esperancas-no-amanha-2016","status":"publish","type":"post","link":"https:\/\/rodrigomonteiro.pro.br\/site\/corrupcao-x-impunidade-desafios-de-hoje-e-esperancas-no-amanha-2016\/","title":{"rendered":"A IGUALDADE E A (I)MORALIDADE- 2016"},"content":{"rendered":"<h2>Publicado no Jornal A Gazeta, \u00a0Vit\u00f3ria\/ES, \u00a0p. 15, em 24 de maio 2016<span class=\"Apple-converted-space\">\u00a0<\/span><\/h2>\n<p>O prefeito municipal de Itapemirim, Luciano Paiva (PSB), acabou de ser afastado de seu mandato por determina\u00e7\u00e3o judicial, a partir de uma opera\u00e7\u00e3o conduzida pelo Minist\u00e9rio P\u00fablico, que apurou atos de improbidade administrativa e desvio de recursos p\u00fablicos. A partir da decis\u00e3o judicial, cabe ao prefeito afastado, t\u00e3o somente, durante o per\u00edodo de afastamento, o direito de receber integralmente sua remunera\u00e7\u00e3o, o que n\u00e3o poderia ser diferente em raz\u00e3o do princ\u00edpio constitucional da presun\u00e7\u00e3o de inoc\u00eancia, que revela que ningu\u00e9m pode ser considerado culpado at\u00e9 a ocorr\u00eancia de uma decis\u00e3o judicial transitada em julgado. Todas as demais prerrogativas, tais como, ve\u00edculo, motorista ou telefone celular institucional devem ser suspensas. Uma vez afastado, restam cessadas todas as prerrogativas decorrentes do exerc\u00edcio do cargo de prefeito municipal. Se essa \u00e9 a regra a ser utilizada para o chefe do Poder Executivo do munic\u00edpio de Itapemirim, porque h\u00e1 diferen\u00e7a de tratamento em rela\u00e7\u00e3o aos afastamentos do Presidente da C\u00e2mara Municipal, Eduardo Cunha, e da Presidente da Rep\u00fablica, Dilma Roussef? Como convencer o cidad\u00e3o comum, o trabalhador brasileiro, que tanto Eduardo Cunha, quanto Dilma Roussef, mesmo afastados de seus cargos, mant\u00eam inalteradas diversas prerrogativas como avi\u00e3o, helic\u00f3ptero, seguran\u00e7a pessoal, assessoria e resid\u00eancia oficial? O princ\u00edpio da moralidade possui assento constitucional e exige que a atua\u00e7\u00e3o da Administra\u00e7\u00e3o P\u00fablica, al\u00e9m de estar pautada na legalidade, deve respeitar todos os padr\u00f5es \u00e9ticos de razoabilidade e respeitabilidade. Resta claro que as prerrogativas s\u00e3o adstritas aos cargos e\/ou fun\u00e7\u00f5es p\u00fablicas de grande relev\u00e2ncia, sendo impens\u00e1vel sustentar que exista a manuten\u00e7\u00e3o de benef\u00edcio de car\u00e1ter pessoal a qualquer autoridade. As autoriza\u00e7\u00f5es formais pela perman\u00eancia dessas prerrogativas expedidas, respectivamente, pela C\u00e2mara dos Deputados e Senado Federal s\u00e3o irrelevantes, caso n\u00e3o respeitem o princ\u00edpio da moralidade. N\u00e3o basta que tais atos tenham previs\u00e3o legal. A legalidade abstrata n\u00e3o se sustenta. O princ\u00edpio constitucional da moralidade torna jur\u00eddica a exig\u00eancia de atua\u00e7\u00e3o \u00e9tica dos agentes p\u00fablicos. N\u00e3o basta que haja o cumprimento formal \u00e0 lei, em seu sentido literal, mas sim, deve-se buscar, sempre, atingir o verdadeiro esp\u00edrito desta. Os preceitos \u00e9ticos devem estar sempre presentes em todas as condutas do Estado e, na situa\u00e7\u00e3o do afastamento do Presidente da C\u00e2mara e da Presidente da Rep\u00fablica, com a consequente e desmedida manuten\u00e7\u00e3o das prerrogativas vinculadas aos respectivos cargos (prerrogativas tais que n\u00e3o s\u00e3o pessoais, mas sim, institucionais), a \u00e9tica, a moralidade e o bom senso ficaram, infelizmente, esquecidos no fundo empoeirado de alguma gaveta.<\/p>\n<p>RODRIGO MONTEIRO<span class=\"Apple-converted-space\">\u00a0<\/span><\/p>\n<p>Promotor de Justi\u00e7a; Mestrando em Direitos e Garantias Fundamentais (FDV).<\/p>\n<p><img loading=\"lazy\" decoding=\"async\" class=\"alignnone wp-image-1319 size-full\" src=\"https:\/\/rodrigomonteiro.pro.br\/site\/wp-content\/uploads\/2023\/03\/images-3.jpg\" alt=\"\" width=\"257\" height=\"196\" \/><\/p>\n<p>\u00a0<\/p>\n\n\n<ul class=\"wp-block-list\">\n<li>Imagem pode conter direitos autorais<\/li>\n<\/ul>\n","protected":false},"excerpt":{"rendered":"<p>A imagem pode conter direito autorais<\/p>\n","protected":false},"author":2,"featured_media":1319,"comment_status":"closed","ping_status":"open","sticky":false,"template":"","format":"standard","meta":{"footnotes":""},"categories":[78],"tags":[76],"class_list":["post-1315","post","type-post","status-publish","format-standard","has-post-thumbnail","hentry","category-artigos-de-jornal","tag-rodrigo-monteiro"],"_links":{"self":[{"href":"https:\/\/rodrigomonteiro.pro.br\/site\/wp-json\/wp\/v2\/posts\/1315","targetHints":{"allow":["GET"]}}],"collection":[{"href":"https:\/\/rodrigomonteiro.pro.br\/site\/wp-json\/wp\/v2\/posts"}],"about":[{"href":"https:\/\/rodrigomonteiro.pro.br\/site\/wp-json\/wp\/v2\/types\/post"}],"author":[{"embeddable":true,"href":"https:\/\/rodrigomonteiro.pro.br\/site\/wp-json\/wp\/v2\/users\/2"}],"replies":[{"embeddable":true,"href":"https:\/\/rodrigomonteiro.pro.br\/site\/wp-json\/wp\/v2\/comments?post=1315"}],"version-history":[{"count":2,"href":"https:\/\/rodrigomonteiro.pro.br\/site\/wp-json\/wp\/v2\/posts\/1315\/revisions"}],"predecessor-version":[{"id":1320,"href":"https:\/\/rodrigomonteiro.pro.br\/site\/wp-json\/wp\/v2\/posts\/1315\/revisions\/1320"}],"wp:featuredmedia":[{"embeddable":true,"href":"https:\/\/rodrigomonteiro.pro.br\/site\/wp-json\/wp\/v2\/media\/1319"}],"wp:attachment":[{"href":"https:\/\/rodrigomonteiro.pro.br\/site\/wp-json\/wp\/v2\/media?parent=1315"}],"wp:term":[{"taxonomy":"category","embeddable":true,"href":"https:\/\/rodrigomonteiro.pro.br\/site\/wp-json\/wp\/v2\/categories?post=1315"},{"taxonomy":"post_tag","embeddable":true,"href":"https:\/\/rodrigomonteiro.pro.br\/site\/wp-json\/wp\/v2\/tags?post=1315"}],"curies":[{"name":"wp","href":"https:\/\/api.w.org\/{rel}","templated":true}]}}