{"id":1327,"date":"2023-03-22T21:20:42","date_gmt":"2023-03-22T21:20:42","guid":{"rendered":"https:\/\/rodrigomonteiro.pro.br\/site\/?p=1327"},"modified":"2023-03-22T21:20:42","modified_gmt":"2023-03-22T21:20:42","slug":"prisao-em-segunda-instancia-um-desservico-a-sociedade-2019","status":"publish","type":"post","link":"https:\/\/rodrigomonteiro.pro.br\/site\/prisao-em-segunda-instancia-um-desservico-a-sociedade-2019\/","title":{"rendered":"Pris\u00e3o em segunda Inst\u00e2ncia: Um Desservi\u00e7o a Sociedade- 2019"},"content":{"rendered":"<h2>Publicado no Jornal A Gazeta, \u00a0Vit\u00f3ria\/ES, \u00a0p. 15, em 26 de outubro 2019<span class=\"Apple-converted-space\">\u00a0<\/span><\/h2>\n<p>O STF anunciou que levar\u00e1 a julgamento a constitucionalidade da pris\u00e3o ap\u00f3s condena\u00e7\u00e3o em Segunda Inst\u00e2ncia. Tal not\u00edcia, por si s\u00f3, representa um risco ao princ\u00edpio da seguran\u00e7a jur\u00eddica, eis que o mesmo STF no ano de 2016 j\u00e1 declarou que n\u00e3o existe ilegalidade na execu\u00e7\u00e3o provis\u00f3ria da senten\u00e7a condenat\u00f3ria ap\u00f3s \u00e0 confirma\u00e7\u00e3o por Segunda Inst\u00e2ncia. H\u00e1 elementos a justificar uma nova avalia\u00e7\u00e3o da pris\u00e3o ap\u00f3s decis\u00e3o de Segunda Inst\u00e2ncia? Cremos que n\u00e3o! Desde 2016 n\u00e3o houve nenhum fato jur\u00eddico ou legislativo que levasse \u00e0 altera\u00e7\u00e3o do entendimento do STF. Em verdade, trata-se de um julgamento jur\u00eddico com ineg\u00e1vel repercuss\u00e3o pol\u00edtica, uma vez que eventual mudan\u00e7a poder\u00e1 tirar da cadeia figuras conhecidas de nosso cen\u00e1rio pol\u00edtico e, por via reflexa, influenciar na pris\u00e3o de mais de 160 mil r\u00e9us. A mudan\u00e7a de entendimento importar\u00e1 em retrocesso ao combate \u00e0 criminalidade de alto escal\u00e3o, uma vez que s\u00e3o os \u201cr\u00e9us poderosos\u201d os \u00fanicos com capacidade financeira de prolongar a tramita\u00e7\u00e3o de seus processos por d\u00e9cadas at\u00e9 \u00e0 ocorr\u00eancia da prescri\u00e7\u00e3o. N\u00e3o h\u00e1 viola\u00e7\u00e3o ao princ\u00edpio da presun\u00e7\u00e3o de inoc\u00eancia, previsto na Constitui\u00e7\u00e3o Federal. Ap\u00f3s \u00e0 orienta\u00e7\u00e3o do STF de 2016 (HC n.\u00ba 126.292) a presun\u00e7\u00e3o de inoc\u00eancia deixou de impedir a execu\u00e7\u00e3o antecipada da pena antes do tr\u00e2nsito em julgado. Recentemente o Ministro do STF Lu\u00eds Roberto Barroso afirmou que \u201co direito penal \u00e9 absolutamente incapaz de atingir qualquer pessoa que ganhe mais de cinco sal\u00e1rios m\u00ednimos\u201d e, dessa forma, \u201cse criou um pa\u00eds de ricos delinquentes\u201d. Para uma parcela da sociedade com condi\u00e7\u00f5es de arcar com os elevados custos de advogados especializados, ser honesto e cumprir a lei se apresenta como uma faculdade, posto que a impunidade se transforma em regra. Qualquer altera\u00e7\u00e3o no atual entendimento do STF representar\u00e1 um desservi\u00e7o \u00e0 sociedade brasileira, eis que importar\u00e1 n\u00e3o apenas na liberta\u00e7\u00e3o pontual de r\u00e9us poderosos, como tamb\u00e9m ocasionar\u00e1 a soltura em massa (e impedir\u00e1 futuras pris\u00f5es) de diversos homicidas, assaltantes, estupradores, ped\u00f3filos e corruptos que atualmente cumprem pena por todo o Brasil.<\/p>\n<p>RODRIGO MONTEIRO<span class=\"Apple-converted-space\">\u00a0<\/span><\/p>\n<p>Doutorando em Direito (Universidad de Salamanca, Espanha); Mestre em Direito (FDV); Promotor de Justi\u00e7a<\/p>\n<p><img loading=\"lazy\" decoding=\"async\" class=\"alignnone wp-image-1328 size-full\" src=\"https:\/\/rodrigomonteiro.pro.br\/site\/wp-content\/uploads\/2023\/03\/download-5.jpg\" alt=\"\" width=\"279\" height=\"181\" \/><\/p>\n<p>\u00a0<\/p>\n\n\n<ul class=\"wp-block-list\">\n<li>Imagem pode conter direitos autorais, imagem retirada da p\u00e1gina https:\/\/www.politize.com.br\/prisao-apos-decisao-em-segunda-instancia-argumentos-contra-e-favor\/<\/li>\n<\/ul>\n","protected":false},"excerpt":{"rendered":"<p>A imagem pode conter direito autorais, imagem retirada da p\u00e1gina https:\/\/www.politize.com.br\/prisao-apos-decisao-em-segunda-instancia-argumentos-contra-e-favor\/<\/p>\n","protected":false},"author":2,"featured_media":1328,"comment_status":"closed","ping_status":"open","sticky":false,"template":"","format":"standard","meta":{"footnotes":""},"categories":[78],"tags":[76],"class_list":["post-1327","post","type-post","status-publish","format-standard","has-post-thumbnail","hentry","category-artigos-de-jornal","tag-rodrigo-monteiro"],"_links":{"self":[{"href":"https:\/\/rodrigomonteiro.pro.br\/site\/wp-json\/wp\/v2\/posts\/1327","targetHints":{"allow":["GET"]}}],"collection":[{"href":"https:\/\/rodrigomonteiro.pro.br\/site\/wp-json\/wp\/v2\/posts"}],"about":[{"href":"https:\/\/rodrigomonteiro.pro.br\/site\/wp-json\/wp\/v2\/types\/post"}],"author":[{"embeddable":true,"href":"https:\/\/rodrigomonteiro.pro.br\/site\/wp-json\/wp\/v2\/users\/2"}],"replies":[{"embeddable":true,"href":"https:\/\/rodrigomonteiro.pro.br\/site\/wp-json\/wp\/v2\/comments?post=1327"}],"version-history":[{"count":1,"href":"https:\/\/rodrigomonteiro.pro.br\/site\/wp-json\/wp\/v2\/posts\/1327\/revisions"}],"predecessor-version":[{"id":1329,"href":"https:\/\/rodrigomonteiro.pro.br\/site\/wp-json\/wp\/v2\/posts\/1327\/revisions\/1329"}],"wp:featuredmedia":[{"embeddable":true,"href":"https:\/\/rodrigomonteiro.pro.br\/site\/wp-json\/wp\/v2\/media\/1328"}],"wp:attachment":[{"href":"https:\/\/rodrigomonteiro.pro.br\/site\/wp-json\/wp\/v2\/media?parent=1327"}],"wp:term":[{"taxonomy":"category","embeddable":true,"href":"https:\/\/rodrigomonteiro.pro.br\/site\/wp-json\/wp\/v2\/categories?post=1327"},{"taxonomy":"post_tag","embeddable":true,"href":"https:\/\/rodrigomonteiro.pro.br\/site\/wp-json\/wp\/v2\/tags?post=1327"}],"curies":[{"name":"wp","href":"https:\/\/api.w.org\/{rel}","templated":true}]}}