{"id":1330,"date":"2023-03-22T21:26:09","date_gmt":"2023-03-22T21:26:09","guid":{"rendered":"https:\/\/rodrigomonteiro.pro.br\/site\/?p=1330"},"modified":"2023-03-22T21:26:09","modified_gmt":"2023-03-22T21:26:09","slug":"espelho-espelho-meu-2020","status":"publish","type":"post","link":"https:\/\/rodrigomonteiro.pro.br\/site\/espelho-espelho-meu-2020\/","title":{"rendered":"ESPELHO, ESPELHO MEU- 2020"},"content":{"rendered":"<h2>Publicado no Jornal Estad\u00e3o, \u00a0S\u00e3o Paulo\/SP, \u00a0p. 01, em 22 de julho 2020<span class=\"Apple-converted-space\">\u00a0<\/span><\/h2>\n<p>As discrep\u00e2ncias sociais em nosso pa\u00eds somente n\u00e3o s\u00e3o maiores do que a estupidez de quem acredita ser melhor do que seus semelhantes, especialmente em rela\u00e7\u00e3o aos mais humildes. No Brasil vivenciamos uma ineg\u00e1vel situa\u00e7\u00e3o em que analfabetos que sabem \u201cdesenhar\u201d os respectivos nomes s\u00e3o classificados com alfabetizados. N\u00e3o s\u00f3 por isso, aqueles que logram \u00eaxito em galgar sucesso e alcan\u00e7am um padr\u00e3o cultural, social, financeiro ou pol\u00edtico em muito superior \u00e0 m\u00e9dia nacional deveriam servir de vetor de comportamento para a sociedade.<span class=\"Apple-converted-space\">\u00a0<\/span><\/p>\n<p>\u00c9 inexplic\u00e1vel que pessoas que se destacam nas searas social, econ\u00f4mica, pol\u00edtica, dentre outras, ainda insistem em manter um racioc\u00ednio irracional de superioridade, tal qual se via na ideia da supremacia ariana na Alemanha do p\u00f3s-Primeira Guerra Mundial. N\u00e3o \u00e9 a cor da pele, o CEP residencial, o n\u00famero de d\u00edgitos do contracheque ou o \u201cdoutor\u201d na frente do nome que deveria ditar o valor de um ser humano.<\/p>\n<p>O fil\u00f3sofo M\u00e1rio S\u00e9rgio Cortella sempre faz quest\u00e3o de repetir que \u201co conhecimento serve para encantar as pessoas, e n\u00e3o para humilh\u00e1-las\u201d. O conhecimento deve ser utilizado para propagar positividades. Quem, por exemplo, det\u00e9m a capacidade de falar v\u00e1rios idiomas, deve usar sua fluidez de forma positiva e n\u00e3o com o fito de menosprezo alheio.<span class=\"Apple-converted-space\">\u00a0<\/span><\/p>\n<p>O conhecimento, para os seres humanos \u201cnormais\u201d, n\u00e3o vem sem esfor\u00e7o. Em regra, alcan\u00e7ar o \u00e1pice exige sacrif\u00edcios e, por isso, \u00e9 muito importante lembrar n\u00e3o apenas da linha de chegada, mas sim de toda a trajet\u00f3ria. E \u00e9 a constru\u00e7\u00e3o dessa trajet\u00f3ria que deveria moldar o car\u00e1ter daqueles que conseguem cortar a faixa final e se transformar em um verdadeiro estandarte, que guarda o dever fundamental de ditar as regras comportamentais. Assim, o respeito que os \u201cpoderosos\u201d devem nutrir pelas pessoas mais simples deveria ser, metaforicamente, equivalente ao n\u00famero de gr\u00e3os da areia existente nas praias de Santos (SP).<\/p>\n<p>Aqueles que conhecem as normas e as regras de comportamento deveriam ser os primeiros a respeitar as limita\u00e7\u00f5es que s\u00e3o impostas pelo Estado em prol da satisfa\u00e7\u00e3o do bem comum. Caso entenda que determinado comando emanado do Governo n\u00e3o \u00e9 adequado \u00e0 defesa da sociedade, dever\u00e1 adotar os canais democr\u00e1ticos adequados e buscar a respectiva impugna\u00e7\u00e3o, algo que \u00e9 muito diverso daquilo que o C\u00f3digo Penal, em seu artigo 345, tipifica como \u201cexerc\u00edcio arbitr\u00e1rio das pr\u00f3prias raz\u00f5es\u201d.<\/p>\n<p>O \u201cvoc\u00ea sabe com quem est\u00e1 falando\u201d, infelizmente, ainda representa muito de nossa ess\u00eancia enquanto sociedade brasileira. Diversamente de ser formada por cidad\u00e3os capazes de reconhecer seu lugar no cen\u00e1rio coletivo, nossa sociedade se mostra povoada por indiv\u00edduos que apenas buscam a satisfa\u00e7\u00e3o das pr\u00f3prias necessidades e, n\u00e3o raro, com o manejo do aparato estatal e do conhecido \u201cjeitinho brasileiro\u201d.<\/p>\n<p>A sociedade brasileira se mostra em um pujante processo de transi\u00e7\u00e3o, entretanto, ainda n\u00e3o abandonamos valores conservadores que muito mais prestigiam o \u201cTER\u201d do que o \u201cSER\u201d. Dessa forma, a patente, o t\u00edtulo acad\u00eamico ou o cargo p\u00fablico passam a conferir mais relev\u00e2ncia do que a ess\u00eancia e os valores morais dos respectivos titulares.<\/p>\n<p>Abraham Lincoln dizia que \u201cse quiser por \u00e0 prova o car\u00e1ter de um homem, d\u00ea-lhe poder\u201d. Essa afirma\u00e7\u00e3o atemporal se amolda perfeitamente \u00e0 realidade de um pa\u00eds sufocado por desigualdades de matizes diversas. N\u00e3o se apresenta como absurda a afirma\u00e7\u00e3o de que \u201co poder corr\u00f3i a alma, dilacera o cora\u00e7\u00e3o e paralisa o c\u00e9rebro e, dessa forma, sem alma, cora\u00e7\u00e3o e c\u00e9rebro, viramos animais irracionais\u201d.<\/p>\n<p>O poder que \u00e9 utilizado indevidamente de forma autorit\u00e1ria e monocr\u00e1tica com o intuito \u00fanico de humilhar, amea\u00e7ar e confrontar, simplesmente ocasiona uma eros\u00e3o em todo o sistema. Assim, a sociedade enxerga esses desvios como padr\u00f5es comportamentais e, equivocadamente, constr\u00f3i uma negativa rela\u00e7\u00e3o associativa generalizada.<span class=\"Apple-converted-space\">\u00a0<\/span><\/p>\n<p>Vivemos uma pandemia sem precedentes que demanda a\u00e7\u00f5es estatais aptas a prevenir a propaga\u00e7\u00e3o dessa doen\u00e7a que j\u00e1 infectou mais de 2.000.000 de pessoas e vitimou mais de 80.000 brasileiros. T\u00e3o grave quanto esse problema de sa\u00fade p\u00fablica \u00e9 o v\u00edrus do autoritarismo, da arrog\u00e2ncia, da prepot\u00eancia, da soberba e da falsa percep\u00e7\u00e3o de acreditar que ao encarar seu \u201cespelho m\u00e1gico\u201d sempre encontrar\u00e1 como resposta: \u201csim, \u00e9s o mais inteligente\u201d, ou \u201csim, \u00e9s o mais belo\u201d!<\/p>\n<p>RODRIGO MONTEIRO<\/p>\n<p>Doutorando e Mestre em Direito; Promotor de Justi\u00e7a (MP-ES)<\/p>\n<p><img loading=\"lazy\" decoding=\"async\" class=\"alignnone wp-image-1331 size-full\" src=\"https:\/\/rodrigomonteiro.pro.br\/site\/wp-content\/uploads\/2023\/03\/download-2-2.jpg\" alt=\"\" width=\"286\" height=\"176\" \/><\/p>\n<p>\u00a0<\/p>\n\n\n<ul class=\"wp-block-list\">\n<li>Imagem pode conter direitos autorais, imagem retirada da p\u00e1gina https:\/\/www.casashopping.com\/blog\/post\/?29190<\/li>\n<\/ul>\n","protected":false},"excerpt":{"rendered":"<p>A imagem pode conter direito autorais, imagem retirada da p\u00e1gina https:\/\/www.casashopping.com\/blog\/post\/?29190<\/p>\n","protected":false},"author":2,"featured_media":1331,"comment_status":"closed","ping_status":"open","sticky":false,"template":"","format":"standard","meta":{"footnotes":""},"categories":[78],"tags":[76],"class_list":["post-1330","post","type-post","status-publish","format-standard","has-post-thumbnail","hentry","category-artigos-de-jornal","tag-rodrigo-monteiro"],"_links":{"self":[{"href":"https:\/\/rodrigomonteiro.pro.br\/site\/wp-json\/wp\/v2\/posts\/1330","targetHints":{"allow":["GET"]}}],"collection":[{"href":"https:\/\/rodrigomonteiro.pro.br\/site\/wp-json\/wp\/v2\/posts"}],"about":[{"href":"https:\/\/rodrigomonteiro.pro.br\/site\/wp-json\/wp\/v2\/types\/post"}],"author":[{"embeddable":true,"href":"https:\/\/rodrigomonteiro.pro.br\/site\/wp-json\/wp\/v2\/users\/2"}],"replies":[{"embeddable":true,"href":"https:\/\/rodrigomonteiro.pro.br\/site\/wp-json\/wp\/v2\/comments?post=1330"}],"version-history":[{"count":1,"href":"https:\/\/rodrigomonteiro.pro.br\/site\/wp-json\/wp\/v2\/posts\/1330\/revisions"}],"predecessor-version":[{"id":1332,"href":"https:\/\/rodrigomonteiro.pro.br\/site\/wp-json\/wp\/v2\/posts\/1330\/revisions\/1332"}],"wp:featuredmedia":[{"embeddable":true,"href":"https:\/\/rodrigomonteiro.pro.br\/site\/wp-json\/wp\/v2\/media\/1331"}],"wp:attachment":[{"href":"https:\/\/rodrigomonteiro.pro.br\/site\/wp-json\/wp\/v2\/media?parent=1330"}],"wp:term":[{"taxonomy":"category","embeddable":true,"href":"https:\/\/rodrigomonteiro.pro.br\/site\/wp-json\/wp\/v2\/categories?post=1330"},{"taxonomy":"post_tag","embeddable":true,"href":"https:\/\/rodrigomonteiro.pro.br\/site\/wp-json\/wp\/v2\/tags?post=1330"}],"curies":[{"name":"wp","href":"https:\/\/api.w.org\/{rel}","templated":true}]}}