{"id":1336,"date":"2023-03-22T21:35:35","date_gmt":"2023-03-22T21:35:35","guid":{"rendered":"https:\/\/rodrigomonteiro.pro.br\/site\/?p=1336"},"modified":"2023-03-22T21:35:36","modified_gmt":"2023-03-22T21:35:36","slug":"a-heranca-politica-de-lazaro-2021","status":"publish","type":"post","link":"https:\/\/rodrigomonteiro.pro.br\/site\/a-heranca-politica-de-lazaro-2021\/","title":{"rendered":"A HERAN\u00c7A POL\u00cdTICA DE L\u00c1ZARO- 2021"},"content":{"rendered":"<h2>Publicado no Jornal Estad\u00e3o, \u00a0S\u00e3o Paulo\/SP, \u00a0p. 01, em 01 de julho 2021<span class=\"Apple-converted-space\">\u00a0<\/span><\/h2>\n<p>\u00a0<\/p>\n<p><img loading=\"lazy\" decoding=\"async\" class=\"alignnone wp-image-1337 size-full\" src=\"https:\/\/rodrigomonteiro.pro.br\/site\/wp-content\/uploads\/2023\/03\/download-5-1.jpg\" alt=\"\" width=\"259\" height=\"195\" \/><\/p>\n<p>L\u00e1zaro de Bet\u00e2nia \u00e9 um personagem b\u00edblico descrito no Evangelho de Jo\u00e3o (11:1-46), que foi ressuscitado por Jesus Cristo ap\u00f3s quatro dias de seu sepultamento. Seu nome tem origem no hebraico Eleazar, que significa \u201cDeus ajudou\u201d.<\/p>\n<p>Outro \u201cfamoso\u201d com o mesmo nome foi o L\u00e1zaro Barbosa, criminoso que durante vinte dias logrou \u00eaxito em fugir das for\u00e7as policiais estatais ap\u00f3s assassinar quatro pessoas de uma mesma fam\u00edlia na regi\u00e3o de Ceil\u00e2ndia, no Distrito Federal. Diversamente do personagem b\u00edblico, o \u201cL\u00e1zaro brasileiro\u201d foi morto no \u00faltimo dia 28 de junho ao final de uma persegui\u00e7\u00e3o cinematogr\u00e1fica que ganhou os holofotes de toda a m\u00eddia nacional e, como n\u00e3o poderia ser diferente, das redes sociais.<\/p>\n<p>A ca\u00e7ada ao criminoso L\u00e1zaro \u00e9 dotada de v\u00e1rios antagonismos, sendo o primeiro, de ordem econ\u00f4mica. O munic\u00edpio goiano de Cocalzinho tem como relevante fonte de receita o turismo ecol\u00f3gico e, em raz\u00e3o do medo gerado pela opera\u00e7\u00e3o de captura, nas \u00faltimas duas semanas o movimento de turistas praticamente desapareceu. De outra sorte, comerciantes do munic\u00edpio de Girassol, tamb\u00e9m em Goi\u00e1s, comemoram o aumento das vendas em raz\u00e3o do crescimento da movimenta\u00e7\u00e3o de pessoas no local, sobretudo policiais e jornalistas.<\/p>\n<p>Al\u00e9m dessa diverg\u00eancia econ\u00f4mica, \u00e9 poss\u00edvel apontar que a morte de L\u00e1zaro j\u00e1 impulsionou o cen\u00e1rio pol\u00edtico, mesmo sabendo que as pr\u00f3ximas elei\u00e7\u00f5es ocorrer\u00e3o apenas em outubro de 2022. Aqueles que defendem que houve excesso e despreparo das for\u00e7as de seguran\u00e7a p\u00fablica na a\u00e7\u00e3o que levou \u00e0 morte do criminoso est\u00e3o usando esse discurso para fortalecer o eleitorado que comunga das mesmas ideias. Noutro sentido, defensores da m\u00e1xima \u201cbandido bom \u00e9 bandido morto\u201d est\u00e3o surfando nessa onda e buscando fortalecer o respectivo capital pol\u00edtico.<span class=\"Apple-converted-space\">\u00a0<\/span><\/p>\n<p>N\u00e3o ser\u00e1 surpresa para ningu\u00e9m se no pleito eleitoral de 2022, ocasi\u00e3o em que ser\u00e3o escolhidos o Presidente da Rep\u00fablica, senadores, governadores, al\u00e9m de deputados federais e estaduais, percebermos a exist\u00eancia de candidatos vinculados \u00e0s for\u00e7as de seguran\u00e7a p\u00fablica que se apresentem como organizadores ou respons\u00e1veis pela opera\u00e7\u00e3o de ca\u00e7ada ao criminoso L\u00e1zaro Barbosa, com o claro intuito de obten\u00e7\u00e3o de votos dos defensores da m\u00e1xima que \u201cbandido bom \u00e9 bandido morto\u201d.<\/p>\n<p>No Brasil, tudo \u00e9 utilizado para a obten\u00e7\u00e3o a capital pol\u00edtico. No Brasil, tudo vira motivo para se impulsionar a tens\u00e3o social ocasionada pela dicotomia pol\u00edtica entre direita e esquerda. No Brasil, tudo vira capa de jornal ou de grandes portais de internet, desde a not\u00edcia de uma grotesca e claramente falsa montagem de uma fotografia do ex-presidente Lula, ao lado do criminoso L\u00e1zaro, \u00e0 postagem do atual Presidente da Rep\u00fablica, que em uma rede social escreveu \u201cCPF cancelado\u201d. Em suma, todos querem tirar proveito dos trinta segundos de fama derivados desse triste epis\u00f3dio.<\/p>\n<p>A morte de L\u00e1zaro ainda vai dar muito o que falar. Quem sabe at\u00e9 resolvam instaurar uma Comiss\u00e3o Parlamentar de Inqu\u00e9rito \u2013 CPI ou, quem sabe, gravar um filme. Infelizmente (ou felizmente), para o azar daqueles que pretendem obter capital pol\u00edtico com o resultado da opera\u00e7\u00e3o policial \u2013 seja enaltecendo o trabalho dos agentes de seguran\u00e7a p\u00fablica ou mesmo criticando um eventual excesso \u2013 a mem\u00f3ria do povo \u00e9 curta. O ideal, na perspectiva da obten\u00e7\u00e3o do capital pol\u00edtico, seria que toda essa trag\u00e9dia tivesse ocorrido em junho de 2022, \u00e0s v\u00e9speras das elei\u00e7\u00f5es.<\/p>\n<p>Assim, \u00e9 muito prov\u00e1vel que em pouco tempo ningu\u00e9m mais se lembrar\u00e1 de L\u00e1zaro Barbosa e somente o epis\u00f3dio envolvendo o L\u00e1zaro de Bet\u00e2nia voltar\u00e1 a ser citado e debatido nas escolas dominicais das religi\u00f5es crist\u00e3s.<span class=\"Apple-converted-space\">\u00a0<\/span><\/p>\n<p>RODRIGO MONTEIRO<\/p>\n<p>Doutorando e Mestre em Direito; Promotor de Justi\u00e7a (MP-ES)<\/p>\n\n\n<ul class=\"wp-block-list\">\n<li>Imagem pode conter direitos autorais, imagem retirada da p\u00e1gina https:\/\/www.personagembiblico.com.br\/2016\/12\/lazaro-o-amigo-de-jesus.html<\/li>\n<\/ul>\n","protected":false},"excerpt":{"rendered":"<p>A imagem pode conter direito autorais, imagem retirada da p\u00e1gina https:\/\/www.personagembiblico.com.br\/2016\/12\/lazaro-o-amigo-de-jesus.html<\/p>\n","protected":false},"author":2,"featured_media":1337,"comment_status":"closed","ping_status":"open","sticky":false,"template":"","format":"standard","meta":{"footnotes":""},"categories":[78],"tags":[76],"class_list":["post-1336","post","type-post","status-publish","format-standard","has-post-thumbnail","hentry","category-artigos-de-jornal","tag-rodrigo-monteiro"],"_links":{"self":[{"href":"https:\/\/rodrigomonteiro.pro.br\/site\/wp-json\/wp\/v2\/posts\/1336","targetHints":{"allow":["GET"]}}],"collection":[{"href":"https:\/\/rodrigomonteiro.pro.br\/site\/wp-json\/wp\/v2\/posts"}],"about":[{"href":"https:\/\/rodrigomonteiro.pro.br\/site\/wp-json\/wp\/v2\/types\/post"}],"author":[{"embeddable":true,"href":"https:\/\/rodrigomonteiro.pro.br\/site\/wp-json\/wp\/v2\/users\/2"}],"replies":[{"embeddable":true,"href":"https:\/\/rodrigomonteiro.pro.br\/site\/wp-json\/wp\/v2\/comments?post=1336"}],"version-history":[{"count":1,"href":"https:\/\/rodrigomonteiro.pro.br\/site\/wp-json\/wp\/v2\/posts\/1336\/revisions"}],"predecessor-version":[{"id":1338,"href":"https:\/\/rodrigomonteiro.pro.br\/site\/wp-json\/wp\/v2\/posts\/1336\/revisions\/1338"}],"wp:featuredmedia":[{"embeddable":true,"href":"https:\/\/rodrigomonteiro.pro.br\/site\/wp-json\/wp\/v2\/media\/1337"}],"wp:attachment":[{"href":"https:\/\/rodrigomonteiro.pro.br\/site\/wp-json\/wp\/v2\/media?parent=1336"}],"wp:term":[{"taxonomy":"category","embeddable":true,"href":"https:\/\/rodrigomonteiro.pro.br\/site\/wp-json\/wp\/v2\/categories?post=1336"},{"taxonomy":"post_tag","embeddable":true,"href":"https:\/\/rodrigomonteiro.pro.br\/site\/wp-json\/wp\/v2\/tags?post=1336"}],"curies":[{"name":"wp","href":"https:\/\/api.w.org\/{rel}","templated":true}]}}