{"id":1353,"date":"2020-03-24T12:28:00","date_gmt":"2020-03-24T12:28:00","guid":{"rendered":"https:\/\/rodrigomonteiro.pro.br\/site\/?p=1353"},"modified":"2023-03-24T12:30:39","modified_gmt":"2023-03-24T12:30:39","slug":"alo-poder-legislativo-o-povo-quer-participar-2015","status":"publish","type":"post","link":"https:\/\/rodrigomonteiro.pro.br\/site\/alo-poder-legislativo-o-povo-quer-participar-2015\/","title":{"rendered":"Al\u00f4 Poder Legislativo! O Povo quer Participar- 2015"},"content":{"rendered":"<h2><b>&nbsp;<\/b>Publicado no Jornal A Gazeta, &nbsp;Vit\u00f3ria\/ES, &nbsp;p. 27, em 04 de outubro 2015<\/h2>\n<p><\/p>\n<p><img loading=\"lazy\" decoding=\"async\" class=\"alignnone wp-image-1354 size-medium\" src=\"https:\/\/rodrigomonteiro.pro.br\/site\/wp-content\/uploads\/2023\/03\/e7d82e862efab6eb7db3acadb0eff89d-212x300.jpg\" alt=\"\" width=\"212\" height=\"300\" srcset=\"https:\/\/rodrigomonteiro.pro.br\/site\/wp-content\/uploads\/2023\/03\/e7d82e862efab6eb7db3acadb0eff89d-212x300.jpg 212w, https:\/\/rodrigomonteiro.pro.br\/site\/wp-content\/uploads\/2023\/03\/e7d82e862efab6eb7db3acadb0eff89d-570x807.jpg 570w, https:\/\/rodrigomonteiro.pro.br\/site\/wp-content\/uploads\/2023\/03\/e7d82e862efab6eb7db3acadb0eff89d.jpg 595w\" sizes=\"auto, (max-width: 212px) 100vw, 212px\" \/><b> <\/b><\/p>\n<p><b>Projetos de lei de iniciativa popular<\/b><\/p>\n<p><b>Adriano Sant\u2019Ana Pedra<\/b><\/p>\n<p><i>Procurador Federal, Doutor em Direito (PUC\/SP) e Professor da FDV<\/i><\/p>\n<p><b>Rodrigo Monteiro da Silva<\/b><\/p>\n<p><i>Promotor de Justi\u00e7a e Mestrando em Direito (FDV)<\/i><\/p>\n<p>A democracia exige a participa\u00e7\u00e3o, direta ou indireta, do povo no poder. E para que este poder seja a efetiva express\u00e3o da vontade popular, existem diversos mecanismos para operacionalizar essa participa\u00e7\u00e3o, dentre os quais podemos citar a possibilidade de o povo apresentar projetos de lei na C\u00e2mara de Vereadores, na Assembleia Legislativa e no Congresso Nacional.<\/p>\n<p>Trata-se de um direito assegurado constitucionalmente aos cidad\u00e3os para que estes possam iniciar o processo legislativo, impondo aos seus representantes pol\u00edticos (vereadores, deputados estaduais, deputados federais e senadores) o dever de apreciar o projeto de lei que lhes for apresentado. Embora a Constitui\u00e7\u00e3o estabele\u00e7a que o projeto de lei deva ser subscrito por um percentual m\u00ednimo de eleitores, vale dizer que quanto maior for o n\u00famero de assinaturas no projeto mais f\u00e1cil ser\u00e1 a sua aprova\u00e7\u00e3o pelos parlamentares.<\/p>\n<p>N\u00e3o obstante, apesar da grande mobiliza\u00e7\u00e3o necess\u00e1ria para recolher o n\u00famero m\u00ednimo de assinaturas, a nossa Constitui\u00e7\u00e3o Federal sequer estabelece um prazo m\u00e1ximo para que o Congresso Nacional aprecie um projeto de iniciativa popular, como faz a Constitui\u00e7\u00e3o argentina (doze meses), o que permite que os parlamentares brasileiros deixem para apreci\u00e1-lo somente no dia de S\u00e3o Nunca.<\/p>\n<p>Nesse sentido, andou bem a recente altera\u00e7\u00e3o da Constitui\u00e7\u00e3o do Estado do Esp\u00edrito Santo (2012) ao estabelecer que as proposi\u00e7\u00f5es de iniciativa popular podem ser subscritas atrav\u00e9s da internet. E, para aprimorar ainda mais esse mecanismo de participa\u00e7\u00e3o popular, a Proposta de Emenda \u00e0 Constitui\u00e7\u00e3o Estadual n\u00ba 8\/2015 objetiva alterar o artigo 69 da Constitui\u00e7\u00e3o esp\u00edrito-santense e estabelecer que os projetos de iniciativa popular sejam discutidos e votados no prazo m\u00e1ximo de noventa dias.<\/p>\n<p>Neste aspecto, a nossa Constitui\u00e7\u00e3o Estadual mostra-se mais aberta \u00e0 participa\u00e7\u00e3o popular do que a pr\u00f3pria Constitui\u00e7\u00e3o Federal. Embora se possa debater esse prazo m\u00e1ximo bem como regulament\u00e1-lo posteriormente, a aprova\u00e7\u00e3o dessa mudan\u00e7a pela Assembleia Legislativa ir\u00e1 aprimorar a democracia participativa no \u00e2mbito estadual e evitar que, ap\u00f3s a \u00e1rdua tarefa de coleta de assinaturas, a proposta de iniciativa popular sequer seja apreciada pelos deputados e seja esquecida em alguma prateleira empoeirada. Com o aumento da participa\u00e7\u00e3o popular, haver\u00e1 maior identidade entre governantes e governados e mais legitimidade democr\u00e1tica nas leis aprovadas pelo Poder Legislativo.<\/p>\n<p>.<\/p>\n\n\n<ul class=\"wp-block-list\">\n<li>Imagem pode conter direitos autorais, imagem retirada da p\u00e1gina https:\/\/trilhante.com.br\/curso\/poder-legislativo<\/li>\n<\/ul>\n","protected":false},"excerpt":{"rendered":"<p>A imagem pode conter direito autorais, imagem retirada da p\u00e1gina https:\/\/trilhante.com.br\/curso\/poder-legislativo<\/p>\n","protected":false},"author":2,"featured_media":1354,"comment_status":"closed","ping_status":"open","sticky":false,"template":"","format":"standard","meta":{"footnotes":""},"categories":[78],"tags":[76],"class_list":["post-1353","post","type-post","status-publish","format-standard","has-post-thumbnail","hentry","category-artigos-de-jornal","tag-rodrigo-monteiro"],"_links":{"self":[{"href":"https:\/\/rodrigomonteiro.pro.br\/site\/wp-json\/wp\/v2\/posts\/1353","targetHints":{"allow":["GET"]}}],"collection":[{"href":"https:\/\/rodrigomonteiro.pro.br\/site\/wp-json\/wp\/v2\/posts"}],"about":[{"href":"https:\/\/rodrigomonteiro.pro.br\/site\/wp-json\/wp\/v2\/types\/post"}],"author":[{"embeddable":true,"href":"https:\/\/rodrigomonteiro.pro.br\/site\/wp-json\/wp\/v2\/users\/2"}],"replies":[{"embeddable":true,"href":"https:\/\/rodrigomonteiro.pro.br\/site\/wp-json\/wp\/v2\/comments?post=1353"}],"version-history":[{"count":2,"href":"https:\/\/rodrigomonteiro.pro.br\/site\/wp-json\/wp\/v2\/posts\/1353\/revisions"}],"predecessor-version":[{"id":1356,"href":"https:\/\/rodrigomonteiro.pro.br\/site\/wp-json\/wp\/v2\/posts\/1353\/revisions\/1356"}],"wp:featuredmedia":[{"embeddable":true,"href":"https:\/\/rodrigomonteiro.pro.br\/site\/wp-json\/wp\/v2\/media\/1354"}],"wp:attachment":[{"href":"https:\/\/rodrigomonteiro.pro.br\/site\/wp-json\/wp\/v2\/media?parent=1353"}],"wp:term":[{"taxonomy":"category","embeddable":true,"href":"https:\/\/rodrigomonteiro.pro.br\/site\/wp-json\/wp\/v2\/categories?post=1353"},{"taxonomy":"post_tag","embeddable":true,"href":"https:\/\/rodrigomonteiro.pro.br\/site\/wp-json\/wp\/v2\/tags?post=1353"}],"curies":[{"name":"wp","href":"https:\/\/api.w.org\/{rel}","templated":true}]}}