{"id":1357,"date":"2020-03-24T12:36:00","date_gmt":"2020-03-24T12:36:00","guid":{"rendered":"https:\/\/rodrigomonteiro.pro.br\/site\/?p=1357"},"modified":"2023-03-24T12:37:29","modified_gmt":"2023-03-24T12:37:29","slug":"mulheres-cooptadas-para-o-crime-2018","status":"publish","type":"post","link":"https:\/\/rodrigomonteiro.pro.br\/site\/mulheres-cooptadas-para-o-crime-2018\/","title":{"rendered":"MULHERES COOPTADAS PARA O CRIME- 2018"},"content":{"rendered":"<h2>Publicado no Jornal A Gazeta, Vit\u00f3ria\/ES, &nbsp;p. 15, em 22 de fevereiro 2018<\/h2>\n<p><\/p>\n<p>Ap\u00f3s \u00e0 repercuss\u00e3o negativa da concess\u00e3o de pris\u00e3o domiciliar para a ex-primeira-dama do Estado do Rio de Janeiro, acusada de envolvimento com corrup\u00e7\u00e3o e desvio de verbas p\u00fablicas, sob o fundamento de necessidade de sua presen\u00e7a ao lado de seus filhos menores, o STF analisou um habeas corpus coletivo apresentado pela Defensoria P\u00fablica da Uni\u00e3o em favor de mulheres submetidas \u00e0 pris\u00e3o cautelar, que ostentem a condi\u00e7\u00e3o de gestantes ou de m\u00e3es com crian\u00e7as com at\u00e9 12 anos de idade. Em suma, o pedido da Defensoria P\u00fablica sustentou que manter as crian\u00e7as longe de suas m\u00e3es \u201cconstitui tratamento desumano, cruel e degradante\u201d. Restou sustentado, tamb\u00e9m, que \u201ca pol\u00edtica criminal respons\u00e1vel pelo expressivo encarceramento feminino \u00e9 discriminat\u00f3ria e seletiva, impactando de forma desproporcional as mulheres pobres e suas fam\u00edlias\u201d. Outro argumento utilizado pela Defensoria P\u00fablica foi o art. 5\u00ba, XLV, da Constitui\u00e7\u00e3o Federal, segundo o qual \u201ca pena n\u00e3o poder\u00e1 passar da pessoa do condenado\u201d e, a manuten\u00e7\u00e3o da pris\u00e3o de mulheres com filhos pequenos faria com que estes sofressem o impacto da priva\u00e7\u00e3o de liberdade de suas m\u00e3es. \u00c9 ineg\u00e1vel que o encarceramento brasileiro guarda rela\u00e7\u00e3o direta com pessoas em situa\u00e7\u00e3o de vulnerabilidade. Em sua maioria a popula\u00e7\u00e3o carcer\u00e1ria \u00e9 formada por negros e pobres, em regra, desprovidos do direito fundamental de acesso \u00e0 Justi\u00e7a. A pr\u00f3pria Defensoria P\u00fablica, incumbida pelo art. 134, da Constitui\u00e7\u00e3o Federal, de promover a defesa judicial gratuita de pessoas necessitadas n\u00e3o consegue suprir a demanda. Isso faz com que pessoas pobres, homens e mulheres, n\u00e3o recebam uma defesa t\u00e9cnica adequada e capaz de preservar todos os direitos e garantias fundamentais. Prova dessa omiss\u00e3o estatal em rela\u00e7\u00e3o aos direitos de pessoas em situa\u00e7\u00f5es de vulnerabilidade social \u00e9 a aus\u00eancia de implementa\u00e7\u00e3o da Lei n\u00ba 13.257\/2016, que possibilitou a substitui\u00e7\u00e3o da pris\u00e3o preventiva por pris\u00e3o domiciliar para gestantes e m\u00e3es de crian\u00e7as. \u00c9 importante frisar que o pleito levado ao STF j\u00e1 \u00e9 albergado por uma lei, bastando que haja sua aplica\u00e7\u00e3o. A aus\u00eancia de uma pol\u00edtica p\u00fablica voltada ao atendimento jur\u00eddico de mulheres presas n\u00e3o pode servir de fundamento para que o Poder Judici\u00e1rio decida \u201ctapar o sol com a peneira\u201d. A libera\u00e7\u00e3o indiscriminada e generalizada de mulheres gr\u00e1vidas ou com filhos menores causar\u00e1 uma ineg\u00e1vel expans\u00e3o das atividades criminosas no Brasil, eis que, tal qual atualmente ocorre com adolescentes que se envolvem com a criminalidade, haver\u00e1 um maci\u00e7o processo de aliciamento de mulheres para as entranhas do crime organizado. Ineg\u00e1vel que a partir de agora ocorrer\u00e1 a coopta\u00e7\u00e3o generalizada dessa \u201cnova m\u00e3o de obra especializada\u201d. Os adolescentes infratores ser\u00e3o substitu\u00eddos por mulheres com filhos menores ou em idade f\u00e9rtil. O n\u00famero de detentas que ficar\u00e3o gr\u00e1vidas com o \u00fanico prop\u00f3sito de alcan\u00e7arem a liberdade ser\u00e1 enorme. Essas crian\u00e7as ir\u00e3o nascer sem qualquer planejamento familiar e servir\u00e3o apenas como verdadeiros \u201chabeas corpus\u201d. Com o prop\u00f3sito de se resolver um problema social, deu-se in\u00edcio a uma situa\u00e7\u00e3o muito mais grave. N\u00e3o \u00e9 preciso entender de pol\u00edtica criminal para se enxergar que o habeas corpus coletivo apresentado pela Defensoria P\u00fablica da Uni\u00e3o e acatado pelo STF ocasionar\u00e1 um significativo aumento da criminalidade. Os efeitos da decis\u00e3o do STF ultrapassam a seara jur\u00eddica, eis que relacionados a uma verdadeira pol\u00edtica p\u00fablica criminal voltada ao desencarceramento em massa. Se continuarmos nesse caminho n\u00e3o ser\u00e1 de se estranhar a defesa de um \u201cDireito fundamental \u00e0 reprodu\u00e7\u00e3o assistida para as detentas com dificuldades de engravidar, como forma de garantia ao princ\u00edpio da isonomia em rela\u00e7\u00e3o \u00e0quelas que j\u00e1 alcan\u00e7aram a liberdade\u201d.<\/p>\n<p>RODRIGO MONTEIRO<span class=\"Apple-converted-space\">&nbsp;<\/span><\/p>\n<p>Promotor de Justi\u00e7a; Mestre em Direitos e Garantias Fundamentais (FDV).<\/p>\n<p><\/p>\n<p><img loading=\"lazy\" decoding=\"async\" class=\"alignnone wp-image-1358 size-full\" src=\"https:\/\/rodrigomonteiro.pro.br\/site\/wp-content\/uploads\/2023\/03\/images-5.jpg\" alt=\"\" width=\"282\" height=\"179\"><\/p>\n<p><\/p>\n\n\n<ul class=\"wp-block-list\">\n<li>Imagem pode conter direitos autorais, imagem retirada da p\u00e1gina https:\/\/pedromaganem.jusbrasil.com.br\/artigos\/227216131\/mulheres-nao-cometem-crimes<\/li>\n<\/ul>\n","protected":false},"excerpt":{"rendered":"<p>A imagem pode conter direito autorais, imagem retirada da p\u00e1gina https:\/\/pedromaganem.jusbrasil.com.br\/artigos\/227216131\/mulheres-nao-cometem-crimes<\/p>\n","protected":false},"author":2,"featured_media":1358,"comment_status":"closed","ping_status":"open","sticky":false,"template":"","format":"standard","meta":{"footnotes":""},"categories":[78],"tags":[76],"class_list":["post-1357","post","type-post","status-publish","format-standard","has-post-thumbnail","hentry","category-artigos-de-jornal","tag-rodrigo-monteiro"],"_links":{"self":[{"href":"https:\/\/rodrigomonteiro.pro.br\/site\/wp-json\/wp\/v2\/posts\/1357","targetHints":{"allow":["GET"]}}],"collection":[{"href":"https:\/\/rodrigomonteiro.pro.br\/site\/wp-json\/wp\/v2\/posts"}],"about":[{"href":"https:\/\/rodrigomonteiro.pro.br\/site\/wp-json\/wp\/v2\/types\/post"}],"author":[{"embeddable":true,"href":"https:\/\/rodrigomonteiro.pro.br\/site\/wp-json\/wp\/v2\/users\/2"}],"replies":[{"embeddable":true,"href":"https:\/\/rodrigomonteiro.pro.br\/site\/wp-json\/wp\/v2\/comments?post=1357"}],"version-history":[{"count":2,"href":"https:\/\/rodrigomonteiro.pro.br\/site\/wp-json\/wp\/v2\/posts\/1357\/revisions"}],"predecessor-version":[{"id":1360,"href":"https:\/\/rodrigomonteiro.pro.br\/site\/wp-json\/wp\/v2\/posts\/1357\/revisions\/1360"}],"wp:featuredmedia":[{"embeddable":true,"href":"https:\/\/rodrigomonteiro.pro.br\/site\/wp-json\/wp\/v2\/media\/1358"}],"wp:attachment":[{"href":"https:\/\/rodrigomonteiro.pro.br\/site\/wp-json\/wp\/v2\/media?parent=1357"}],"wp:term":[{"taxonomy":"category","embeddable":true,"href":"https:\/\/rodrigomonteiro.pro.br\/site\/wp-json\/wp\/v2\/categories?post=1357"},{"taxonomy":"post_tag","embeddable":true,"href":"https:\/\/rodrigomonteiro.pro.br\/site\/wp-json\/wp\/v2\/tags?post=1357"}],"curies":[{"name":"wp","href":"https:\/\/api.w.org\/{rel}","templated":true}]}}