{"id":1589,"date":"2024-10-03T19:29:49","date_gmt":"2024-10-03T19:29:49","guid":{"rendered":"https:\/\/rodrigomonteiro.pro.br\/site\/?p=1589"},"modified":"2024-10-03T19:29:50","modified_gmt":"2024-10-03T19:29:50","slug":"1a-turma-do-stf-valida-busca-pessoal-e-domiciliar-por-guarda-municipal","status":"publish","type":"post","link":"https:\/\/rodrigomonteiro.pro.br\/site\/1a-turma-do-stf-valida-busca-pessoal-e-domiciliar-por-guarda-municipal\/","title":{"rendered":"1\u00aa turma do STF valida busca pessoal e domiciliar por guarda municipal"},"content":{"rendered":"<h2><b>02 <\/b>de outubro de 2024<\/h2>\n<p><img loading=\"lazy\" decoding=\"async\" class=\"alignnone wp-image-1590 size-full\" src=\"https:\/\/rodrigomonteiro.pro.br\/site\/wp-content\/uploads\/2024\/10\/Unknown-2.jpeg\" alt=\"\" width=\"259\" height=\"194\" \/><b> <\/b><\/p>\n<p>RE 1.468.558, 1\u00aa Turma, Rel. Min. Alexandre de Moraes, j. 01.10.2024.<\/p>\n<p>An\u00e1lise da decis\u00e3o do STJ que enxergou a presen\u00e7a de constrangimento ilegal em raz\u00e3o de pris\u00e3o de traficante efetuada por integrantes da GM.<\/p>\n<p>Havia entendido o STJ que \u201ca dispensa de objeto ao avistar os agentes municipais n\u00e3o \u00e9 elemento apto a justificar a abordagem pessoal (HC 774.349, 5\u00aa Turma, DJe 27.02.2023).<\/p>\n<p>No caso concreto, o suspeito trazia consigo e tinha em dep\u00f3sito 558 papelotes de maconha, 2 por\u00e7\u00f5es de skunk, 930 por\u00e7\u00f5es de coca\u00edna, 464 por\u00e7\u00f5es de crack 41 frascos de tricloroetileno.<\/p>\n<p>O STJ entendeu que a atua\u00e7\u00e3o da GM foi ilegal e determinou o trancamento da A\u00e7\u00e3o penal.<\/p>\n<p>No recurso ao STF, o MP-SP afirmou que o art. 144, \u00a7 8\u00ba, da CF, deve receber interpreta\u00e7\u00e3o \u00e0 luz do dever do Estado de garantir o direito fundamental \u00e0 seguran\u00e7a p\u00fablica.<span class=\"Apple-converted-space\">\u00a0<\/span><\/p>\n<p>Conforme apontou a decis\u00e3o do TJ-SP, \u201cn\u00e3o se poderia esperar outra atitude da GM\u201d.<\/p>\n<p>O STF, ao final, entendeu pela legalidade da atua\u00e7\u00e3o da Guarda Municipal de Embu-Gua\u00e7u (SP).<\/p>\n<p>Em outro julgamento, no RE 846.854, de 01.08.2017, o Pleno do STF afirmou que \u201cA GM atua em prol da manuten\u00e7\u00e3o da ordem p\u00fablica e da preven\u00e7\u00e3o e enfrentamento \u00e0 criminalidade, desenvolvendo servi\u00e7o essencial, insuscet\u00edvel, inclusive, de direito \u00e0 greve\u201d.<\/p>\n<p>Na Reclama\u00e7\u00e3o 57.762, de 02\/03\/2023, de relatoria do Min. Gilmar Mendes, restou anotado que \u201cn\u00e3o existe ilegalidade na atua\u00e7\u00e3o da GM como entidade de prote\u00e7\u00e3o \u00e0 seguran\u00e7a p\u00fablica\u201d.<\/p>\n<p>Outra decis\u00e3o importante do STF foi tomada no julgamento da Reclama\u00e7\u00e3o 70.751, de 25.09.2024, ocasi\u00e3o em que o Min. Alexandre de Moraes afirmou que a decis\u00e3o do STJ (RE 2.084.565) que desconsiderou a atua\u00e7\u00e3o da GM como \u00f3rg\u00e3o dotado de atribui\u00e7\u00e3o para o exerc\u00edcio das atividades de seguran\u00e7a p\u00fablica desconsidera as conclus\u00f5es obtidas pelo STF no julgamento da ADPF 995, que definiu que a GM integra o Sistema de Seguran\u00e7a P\u00fablica.<\/p>\n\n\n<ul class=\"wp-block-list\">\n<li>Rodrigo Monteiro \u00e9 Promotor de Justi\u00e7a junto ao Tribunal do J\u00fari de Vit\u00f3ria (ES), Mestre (FDV) e Doutor (Universidad de Salamanca)<\/li>\n<\/ul>\n\n\n\n<p><\/p>\n\n\n\n<p>Imagem poste conter direitos autorais retirada do site : <a href=\"https:\/\/sintep.org.br\/sintep\/Utilidades\/view_noticia\/julgamento-sobre-inconstitucionalidade-da-rga-sera-concluido-nesta-sexta-3-no-stf\/trees\">https:\/\/sintep.org.br\/sintep\/Utilidades\/view_noticia\/julgamento-sobre-inconstitucionalidade-da-rga-sera-concluido-nesta-sexta-3-no-stf\/trees<\/a><\/p>\n\n\n\n<p><\/p>\n","protected":false},"excerpt":{"rendered":"<p>02 de outubro de 2024 RE 1.468.558, 1\u00aa Turma, Rel. Min. Alexandre de Moraes, j. 01.10.2024. An\u00e1lise da decis\u00e3o do STJ que enxergou a presen\u00e7a de constrangimento ilegal em raz\u00e3o de pris\u00e3o de traficante efetuada por integrantes da GM. Havia entendido o STJ que \u201ca dispensa de objeto ao avistar os agentes municipais n\u00e3o \u00e9 [&hellip;]<\/p>\n","protected":false},"author":2,"featured_media":1591,"comment_status":"closed","ping_status":"open","sticky":false,"template":"","format":"standard","meta":{"footnotes":""},"categories":[77],"tags":[76],"class_list":["post-1589","post","type-post","status-publish","format-standard","has-post-thumbnail","hentry","category-artigos","tag-rodrigo-monteiro"],"_links":{"self":[{"href":"https:\/\/rodrigomonteiro.pro.br\/site\/wp-json\/wp\/v2\/posts\/1589","targetHints":{"allow":["GET"]}}],"collection":[{"href":"https:\/\/rodrigomonteiro.pro.br\/site\/wp-json\/wp\/v2\/posts"}],"about":[{"href":"https:\/\/rodrigomonteiro.pro.br\/site\/wp-json\/wp\/v2\/types\/post"}],"author":[{"embeddable":true,"href":"https:\/\/rodrigomonteiro.pro.br\/site\/wp-json\/wp\/v2\/users\/2"}],"replies":[{"embeddable":true,"href":"https:\/\/rodrigomonteiro.pro.br\/site\/wp-json\/wp\/v2\/comments?post=1589"}],"version-history":[{"count":1,"href":"https:\/\/rodrigomonteiro.pro.br\/site\/wp-json\/wp\/v2\/posts\/1589\/revisions"}],"predecessor-version":[{"id":1592,"href":"https:\/\/rodrigomonteiro.pro.br\/site\/wp-json\/wp\/v2\/posts\/1589\/revisions\/1592"}],"wp:featuredmedia":[{"embeddable":true,"href":"https:\/\/rodrigomonteiro.pro.br\/site\/wp-json\/wp\/v2\/media\/1591"}],"wp:attachment":[{"href":"https:\/\/rodrigomonteiro.pro.br\/site\/wp-json\/wp\/v2\/media?parent=1589"}],"wp:term":[{"taxonomy":"category","embeddable":true,"href":"https:\/\/rodrigomonteiro.pro.br\/site\/wp-json\/wp\/v2\/categories?post=1589"},{"taxonomy":"post_tag","embeddable":true,"href":"https:\/\/rodrigomonteiro.pro.br\/site\/wp-json\/wp\/v2\/tags?post=1589"}],"curies":[{"name":"wp","href":"https:\/\/api.w.org\/{rel}","templated":true}]}}